{"id":43697,"date":"2023-10-26T12:55:00","date_gmt":"2023-10-26T15:55:00","guid":{"rendered":"https:\/\/www.radiopresidenteibanez.cl\/web\/?p=43697"},"modified":"2023-10-26T10:57:04","modified_gmt":"2023-10-26T13:57:04","slug":"valiosa-jornada-de-participacion-ciudadana-en-la-ciudad-mas-austral-de-chile","status":"publish","type":"post","link":"https:\/\/www.radiopresidenteibanez.cl\/web\/valiosa-jornada-de-participacion-ciudadana-en-la-ciudad-mas-austral-de-chile\/","title":{"rendered":"VALIOSA JORNADA DE PARTICIPACION CIUDADANA EN LA CIUDAD MAS AUSTRAL DE CHILE"},"content":{"rendered":"\n<p>En la capital de la provincia Ant\u00e1rtica Chilena se realiz\u00f3 una jornada de participaci\u00f3n ciudadana,<br>con el objeto de recoger de la propia comunidad sus necesidades respecto al servicio mar\u00edtimo<br>que une Puerto Williams con Punta Arenas, subsidiado por el ministerio de Transportes y<br>Telecomunicaciones y cuya pr\u00f3xima licitaci\u00f3n entrar\u00e1 en el plan \u201cBarcazas para Chile\u201d. As\u00ed lo dio a<br>conocer el seremi de la cartera, Rodrigo Hern\u00e1ndez.<br>\u201cSe trat\u00f3 de una conversaci\u00f3n bastante amplia, interesante y profunda en algunos aspectos donde<br>recogimos distintos temas que vamos a ir sistematizando e incluyendo en el pr\u00f3ximo contrato\u201d,<br>se\u00f1al\u00f3 el seremitt. Agreg\u00f3 que el MTT espera que los servicios den respuesta a los problemas que<br>enfrenta la gente en su diario vivir en zonas aisladas como es isla Navarino y que finalmente los<br>contratos conversen con las necesidades reales de las personas.<br>Las mesas de trabajo se abocaron a dilucidar el nivel y volumen de ocupaci\u00f3n actual de la<br>embarcaci\u00f3n, como transporte de pasajeros y como medio de transporte de carga, considerando<br>que es la \u00fanica formar de abastecer a la poblaci\u00f3n isle\u00f1a. Para ello se consult\u00f3 por el estado<br>general de la nave que actualmente desarrolla el servicio, su comodidad, la cantidad de asientos,<br>n\u00famero de frecuencias semanales, qu\u00e9 d\u00edas acomoda la operaci\u00f3n, beneficios para los residentes,<br>etc.<br>En la parte m\u00e1s profunda de la conversaci\u00f3n plenaria, hubo reflexiones respecto al rol del Estado<br>en materia de conectividad de las zonas m\u00e1s apartadas del territorio y la posibilidad de satisfacer<br>de otra manera esta necesidad ciudadana en regiones de archipi\u00e9lagos como la m\u00e1s austral de<br>Chile.<br>La instancia fue valorada por los asistentes, ya que se trat\u00f3 de dar espacio real a las y los<br>beneficiarios para construir en conjunto un servicio primordial para la vida en Puerto Williams.<br>\u201cEs s\u00faper necesario que se hagan estas actividades donde nos podamos expresar de una forma<br>que sea vinculante, para que se cumpla con las necesidades que tenemos como usuarios.<br>Obviamente es responsabilidad nuestra que entendamos todos los factores involucrados y por eso<br>es importante facilitar los procesos de informaci\u00f3n\u201d, estableci\u00f3 Gonzalo Arriagada, residente de<br>Puerto Williams.<br>\u201cNosotros somos una isla. Y hay muchas islas en nuestra regi\u00f3n. Debi\u00e9ramos tener una modalidad<br>especial, donde el Estado construya los barcos y nosotros los administremos, la comunidad o alg\u00fan<br>particular, pero no depender s\u00f3lo de una empresa\u201d, expres\u00f3 Edwin Olivares presidente de la<br>Asociaci\u00f3n Gremial de Pescadores y Armadores Artesanales de Puerto Williams.<br>La delegada provincial presidencial Mar\u00eda Luisa Mu\u00f1oz destac\u00f3 la convocatoria \u201cespecialmente<br>con la participaci\u00f3n de las organizaciones sociales quienes representan a muchos vecinos y<br>vecinas. Fue un di\u00e1logo honesto y transparente y hubo mucha conversaci\u00f3n despu\u00e9s de todo\u201d,<br>dijo, a\u00f1adiendo que este finalmente es un m\u00e9todo de construcci\u00f3n para ir mejorando el servicio<br>mar\u00edtimo en directo beneficio de la comunidad de Puerto Williams.<\/p>\n","protected":false},"excerpt":{"rendered":"<p>En la capital de la provincia Ant\u00e1rtica Chilena se realiz\u00f3 una jornada de participaci\u00f3n ciudadana,con el objeto de recoger de la propia comunidad sus necesidades respecto al servicio mar\u00edtimoque une&#8230; <a class=\"read-more\" href=\"https:\/\/www.radiopresidenteibanez.cl\/web\/valiosa-jornada-de-participacion-ciudadana-en-la-ciudad-mas-austral-de-chile\/\">Leer m\u00e1s<\/a><\/p>\n","protected":false},"author":2,"featured_media":43698,"comment_status":"closed","ping_status":"closed","sticky":false,"template":"","format":"standard","meta":{"footnotes":""},"categories":[1],"tags":[],"class_list":["post-43697","post","type-post","status-publish","format-standard","has-post-thumbnail","hentry","category-cronica"],"_links":{"self":[{"href":"https:\/\/www.radiopresidenteibanez.cl\/web\/wp-json\/wp\/v2\/posts\/43697","targetHints":{"allow":["GET"]}}],"collection":[{"href":"https:\/\/www.radiopresidenteibanez.cl\/web\/wp-json\/wp\/v2\/posts"}],"about":[{"href":"https:\/\/www.radiopresidenteibanez.cl\/web\/wp-json\/wp\/v2\/types\/post"}],"author":[{"embeddable":true,"href":"https:\/\/www.radiopresidenteibanez.cl\/web\/wp-json\/wp\/v2\/users\/2"}],"replies":[{"embeddable":true,"href":"https:\/\/www.radiopresidenteibanez.cl\/web\/wp-json\/wp\/v2\/comments?post=43697"}],"version-history":[{"count":0,"href":"https:\/\/www.radiopresidenteibanez.cl\/web\/wp-json\/wp\/v2\/posts\/43697\/revisions"}],"wp:featuredmedia":[{"embeddable":true,"href":"https:\/\/www.radiopresidenteibanez.cl\/web\/wp-json\/wp\/v2\/media\/43698"}],"wp:attachment":[{"href":"https:\/\/www.radiopresidenteibanez.cl\/web\/wp-json\/wp\/v2\/media?parent=43697"}],"wp:term":[{"taxonomy":"category","embeddable":true,"href":"https:\/\/www.radiopresidenteibanez.cl\/web\/wp-json\/wp\/v2\/categories?post=43697"},{"taxonomy":"post_tag","embeddable":true,"href":"https:\/\/www.radiopresidenteibanez.cl\/web\/wp-json\/wp\/v2\/tags?post=43697"}],"curies":[{"name":"wp","href":"https:\/\/api.w.org\/{rel}","templated":true}]}}