{"id":43694,"date":"2023-10-26T11:35:00","date_gmt":"2023-10-26T14:35:00","guid":{"rendered":"https:\/\/www.radiopresidenteibanez.cl\/web\/?p=43694"},"modified":"2023-10-26T09:55:17","modified_gmt":"2023-10-26T12:55:17","slug":"sernac-realiza-conversatorios-sobre-derechos-herramientas-digitales-y-el-nuevo-proyecto-de-ley-de-proteccion-de-los-consumidores","status":"publish","type":"post","link":"https:\/\/www.radiopresidenteibanez.cl\/web\/sernac-realiza-conversatorios-sobre-derechos-herramientas-digitales-y-el-nuevo-proyecto-de-ley-de-proteccion-de-los-consumidores\/","title":{"rendered":"SERNAC REALIZA CONVERSATORIOS SOBRE DERECHOS, HERRAMIENTAS DIGITALES Y EL NUEVO PROYECTO DE LEY DE PROTECCI\u00d3N DE LOS CONSUMIDORES"},"content":{"rendered":"\n<p>Con preguntas como \u00bfha escuchado del nuevo proyecto de Ley SERNAC? \u00bfPiensa que usted y su familia se beneficiar\u00e1n con la aprobaci\u00f3n de esta iniciativa proyecto? se dio inicio&nbsp;a un conversatorio para informar sobre la importancia del nuevo proyecto de Ley \u201cSERNAC te Protege\u201d, realizado por el Servicio junto al SENAMA de la Regi\u00f3n de Magallanes.<\/p>\n\n\n\n<p>La actividad desarrollada en La Casa de Los Intendentes, ubicada en Plaza Mu\u00f1oz Gamero 1072, ciudad de Punta Arenas, cont\u00f3 con la presencia de 40 personas, entre ellos, dirigentes sociales, representantes de juntas de vecinos, integrantes de clubes de adultos mayores y ciudadanos.<\/p>\n\n\n\n<p>El proyecto \u201cSERNAC Te Protege\u201d&nbsp;busca dar un mayor equilibrio en las relaciones del consumo entre los consumidores y las empresas, dotando al Servicio de la facultad sancionatoria, herramienta que&nbsp;le permitir\u00e1&nbsp;poder proteger mejor a las y los consumidores en los distintos \u00e1mbitos del consumo.<\/p>\n\n\n\n<p>Para la Directora Regional del SERNAC, Pamela Ram\u00edrez, \u201cestas nuevas herramientas permitir\u00e1n al SERNAC defender y hacerse cargo de los problemas individuales que enfrentan las personas d\u00eda a d\u00eda y que hasta ahora en muchas ocasiones quedan sin soluci\u00f3n\u201d.<\/p>\n\n\n\n<p>Adicionalmente, el SERNAC junto al INJUV desarroll\u00f3 el conversatorio \u201c\u00bfQu\u00e9 problemas has vivido al comprar productos o contratar servicios?\u201d, la cual tuvo lugar&nbsp;en el sal\u00f3n Gabriela Mistral de la Secreduc, ubicado en la calle Ignacio Carrera Pinto 1259.<\/p>\n\n\n\n<p>En esta actividad, en la cual participaron alrededor de 20 j\u00f3venes, entre ellos, dirigentes juveniles, representantes de colegios, directivos de Consejo estudiantiles y estudiantes en general, estuvo&nbsp;presente la Directora Regional del INJUV, Carla Cifuentes.<\/p>\n\n\n\n<p>Hay que recordar que el SERNAC ha dispuesto diversas herramientas para facilitar a los consumidores la posibilidad de acceder a informaci\u00f3n \u00fatil&nbsp;&nbsp;que se encuentran en el sitio web institucional&nbsp;<a href=\"http:\/\/www.sernac.cl\/\" target=\"_blank\" rel=\"noreferrer noopener\">www.sernac.cl<\/a>, entre ellas, la Calculadora de Presupuesto Familiar, Comparador de tarjetas de cr\u00e9dito, \u201cMe quiero Salir\u201d, \u201cNo Molestar\u201d , entre otras.<\/p>\n\n\n\n<p>Las iniciativas se enmarcan dentro del despliegue territorial que desarrolla el SERNAC en la regi\u00f3n, y cuyo prop\u00f3sito es entregar informaci\u00f3n directa sobre derechos y deberes, adem\u00e1s de atender consultas y requerimientos de las y los consumidores en general.<\/p>\n","protected":false},"excerpt":{"rendered":"<p>Con preguntas como \u00bfha escuchado del nuevo proyecto de Ley SERNAC? \u00bfPiensa que usted y su familia se beneficiar\u00e1n con la aprobaci\u00f3n de esta iniciativa proyecto? se dio inicio&nbsp;a un&#8230; <a class=\"read-more\" href=\"https:\/\/www.radiopresidenteibanez.cl\/web\/sernac-realiza-conversatorios-sobre-derechos-herramientas-digitales-y-el-nuevo-proyecto-de-ley-de-proteccion-de-los-consumidores\/\">Leer m\u00e1s<\/a><\/p>\n","protected":false},"author":2,"featured_media":43695,"comment_status":"closed","ping_status":"closed","sticky":false,"template":"","format":"standard","meta":{"footnotes":""},"categories":[1],"tags":[],"class_list":["post-43694","post","type-post","status-publish","format-standard","has-post-thumbnail","hentry","category-cronica"],"_links":{"self":[{"href":"https:\/\/www.radiopresidenteibanez.cl\/web\/wp-json\/wp\/v2\/posts\/43694","targetHints":{"allow":["GET"]}}],"collection":[{"href":"https:\/\/www.radiopresidenteibanez.cl\/web\/wp-json\/wp\/v2\/posts"}],"about":[{"href":"https:\/\/www.radiopresidenteibanez.cl\/web\/wp-json\/wp\/v2\/types\/post"}],"author":[{"embeddable":true,"href":"https:\/\/www.radiopresidenteibanez.cl\/web\/wp-json\/wp\/v2\/users\/2"}],"replies":[{"embeddable":true,"href":"https:\/\/www.radiopresidenteibanez.cl\/web\/wp-json\/wp\/v2\/comments?post=43694"}],"version-history":[{"count":0,"href":"https:\/\/www.radiopresidenteibanez.cl\/web\/wp-json\/wp\/v2\/posts\/43694\/revisions"}],"wp:featuredmedia":[{"embeddable":true,"href":"https:\/\/www.radiopresidenteibanez.cl\/web\/wp-json\/wp\/v2\/media\/43695"}],"wp:attachment":[{"href":"https:\/\/www.radiopresidenteibanez.cl\/web\/wp-json\/wp\/v2\/media?parent=43694"}],"wp:term":[{"taxonomy":"category","embeddable":true,"href":"https:\/\/www.radiopresidenteibanez.cl\/web\/wp-json\/wp\/v2\/categories?post=43694"},{"taxonomy":"post_tag","embeddable":true,"href":"https:\/\/www.radiopresidenteibanez.cl\/web\/wp-json\/wp\/v2\/tags?post=43694"}],"curies":[{"name":"wp","href":"https:\/\/api.w.org\/{rel}","templated":true}]}}