{"id":4368,"date":"2019-05-19T14:12:40","date_gmt":"2019-05-19T14:12:40","guid":{"rendered":"http:\/\/www.radiopresidenteibanez.cl\/web\/?p=4368"},"modified":"2019-05-19T14:13:14","modified_gmt":"2019-05-19T14:13:14","slug":"adultos-mayores-hicieron-sus-consultas-sobre-la-reforma-de-pensiones","status":"publish","type":"post","link":"https:\/\/www.radiopresidenteibanez.cl\/web\/adultos-mayores-hicieron-sus-consultas-sobre-la-reforma-de-pensiones\/","title":{"rendered":"ADULTOS MAYORES HICIERON SUS CONSULTAS SOBRE LA REFORMA DE PENSIONES"},"content":{"rendered":"\n<p>Luego de que la C\u00e1mara\nde Diputados aprobara la idea de legislar del proyecto de reforma a las\npensiones, las autoridades regionales hicieron un nuevo despliegue territorial\npara explicar los detalles de la iniciativa a los vecinos de diferentes\nsectores y comunas de la regi\u00f3n.<\/p>\n\n\n\n<p>En esta oportunidad,\nel intendente regional, Jos\u00e9 Fern\u00e1ndez D\u00fcbrock, en compa\u00f1\u00eda de las Seremis del\nTrabajo, Victoria Cort\u00e9s Schiattino; y de Gobierno, Alejandra Mu\u00f1oz Quiroz,\ninici\u00f3 este despliegue con una difusi\u00f3n medi\u00e1tica en la que expres\u00f3 su\nagradecimiento a quienes votaron a favor, llamando a quienes no lo hicieron a\naportar con sus ideas para perfeccionar la iniciativa. <\/p>\n\n\n\n<p>\u201cYo agradezco a los\nparlamentarios que votaron a favor de la idea de legislar, pero tambi\u00e9n hago un\nllamado a los parlamentarios que votaron en contra, a que se sumen y aporten\ncon sus ideas para mejorar el proyecto. Justamente la idea de presentar a\nlegislaci\u00f3n estos proyectos es para que se puedan ir mejorando con los aportes\nde las distintas corrientes\u201d, declar\u00f3 la primera autoridad, tras lo cual se inici\u00f3\neste despliegue.<\/p>\n\n\n\n<p>Es as\u00ed que esta ma\u00f1ana,\ncomo primera actividad, las secretarias regionales visitaron la sede de la\nJunta de Vecinos Ra\u00fal Silva Henr\u00edquez, donde se reunieron con cerca de 50\nadultos mayores y familias del sector para conversar sobre los pr\u00f3ximos pasos\nque atravesar\u00e1 el proyecto en el Congreso, solicitando sus opiniones y\nconsultas, a fin de enriquecer con ello la futura discusi\u00f3n de este.<\/p>\n\n\n\n<p>Al respecto, la Seremi\ndel Trabajo expres\u00f3 que \u201cpudimos resolver muchas dudas en esta jornada, pero a\nsu vez, nos nutrimos con las propuestas y opiniones que ellos nos hicieron.\nNuestra idea no es que el proyecto se discuta y se apruebe sin que las personas\nlo conozcan. Por eso estamos trabajando en terreno, como es el mandato del\nPresidente Sebasti\u00e1n Pi\u00f1era. Recordar que en Magallanes ser\u00e1n m\u00e1s de 11.600 los\npensionados del Pilar solidario que mejorar\u00e1n sus pensiones inmediatamente. Tenemos\nm\u00e1s de 4.500 pensionados de AFP por vejez, cuyo monto promedio de pensi\u00f3n en la\nregi\u00f3n no supera los $147 mil, por lo que todos ellos podr\u00e1n ser beneficiados\nuna vez que se apruebe el proyecto\u201d.<\/p>\n\n\n\n<p>Por su parte, la\nSeremi de Gobierno, refrend\u00f3 estas palabras, se\u00f1alando que \u201ctenemos que hacer\nfrente a una demanda prioritaria de las personas que es mejorar la calidad de\nlas pensiones que tenemos hoy d\u00eda en forma inmediata y a futuro para todos los\njubilados, en especial, la clase media, las mujeres y las personas m\u00e1s\nvulnerables. Por ello, es importante que conversemos sobre esto con las\npersonas\u201d.<\/p>\n\n\n\n<p>La presidenta de la\nJunta de Vecinos, Liz C\u00e1rcamo, coment\u00f3 que la comunidad necesita tener\ninformaci\u00f3n y poder hacer consultas sobre una materia que ata\u00f1e a todos, por\neso \u201cque las autoridades vengan a contarnos este proyecto y nos traigan esta\ninformaci\u00f3n a nuestro sector me parece excelente. La informaci\u00f3n que nos\nentregaron creo que vienen a elevar el esp\u00edritu de la gente, porque son mejoras\npara las pensiones y ahora a esperar que eso se concrete y tener un poquito de\npaciencia para eso\u201d.<\/p>\n\n\n\n<p>Los di\u00e1logos en\nterreno continuar\u00e1n durante el fin de semana y, asimismo, las autoridades\nhicieron el llamado a quienes necesiten una charla sobre el proyecto, acercarse\na la Seremi del Trabajo para solicitarlo, enfatizando que las autoridades\nestar\u00e1n disponibles para acudir a los sectores que necesiten conversar sobre el\nproyecto y tener m\u00e1s informaci\u00f3n.<\/p>\n\n\n\n<p>En la ocasi\u00f3n, adem\u00e1s, se sum\u00f3 la Seremi de Desarrollo Social, Liz Casanueva, quien apoy\u00f3 la informaci\u00f3n otorgada a los vecinos.<\/p>\n\n\n\n<figure class=\"wp-block-image\"><img loading=\"lazy\" decoding=\"async\" width=\"1024\" height=\"768\" src=\"https:\/\/www.radiopresidenteibanez.cl\/web\/wp-content\/uploads\/2019\/05\/IMG_022-1-1024x768.jpg\" alt=\"\" class=\"wp-image-4369\" srcset=\"https:\/\/www.radiopresidenteibanez.cl\/web\/wp-content\/uploads\/2019\/05\/IMG_022-1-1024x768.jpg 1024w, https:\/\/www.radiopresidenteibanez.cl\/web\/wp-content\/uploads\/2019\/05\/IMG_022-1-300x225.jpg 300w, https:\/\/www.radiopresidenteibanez.cl\/web\/wp-content\/uploads\/2019\/05\/IMG_022-1-768x576.jpg 768w, https:\/\/www.radiopresidenteibanez.cl\/web\/wp-content\/uploads\/2019\/05\/IMG_022-1.jpg 1152w\" sizes=\"auto, (max-width: 1024px) 100vw, 1024px\" \/><\/figure>\n","protected":false},"excerpt":{"rendered":"<p>Luego de que la C\u00e1mara de Diputados aprobara la idea de legislar del proyecto de reforma a las pensiones, las autoridades regionales hicieron un nuevo despliegue territorial para explicar los&#8230; <a class=\"read-more\" href=\"https:\/\/www.radiopresidenteibanez.cl\/web\/adultos-mayores-hicieron-sus-consultas-sobre-la-reforma-de-pensiones\/\">Leer m\u00e1s<\/a><\/p>\n","protected":false},"author":2,"featured_media":4369,"comment_status":"closed","ping_status":"closed","sticky":false,"template":"","format":"standard","meta":{"footnotes":""},"categories":[1],"tags":[],"class_list":["post-4368","post","type-post","status-publish","format-standard","has-post-thumbnail","hentry","category-cronica"],"_links":{"self":[{"href":"https:\/\/www.radiopresidenteibanez.cl\/web\/wp-json\/wp\/v2\/posts\/4368","targetHints":{"allow":["GET"]}}],"collection":[{"href":"https:\/\/www.radiopresidenteibanez.cl\/web\/wp-json\/wp\/v2\/posts"}],"about":[{"href":"https:\/\/www.radiopresidenteibanez.cl\/web\/wp-json\/wp\/v2\/types\/post"}],"author":[{"embeddable":true,"href":"https:\/\/www.radiopresidenteibanez.cl\/web\/wp-json\/wp\/v2\/users\/2"}],"replies":[{"embeddable":true,"href":"https:\/\/www.radiopresidenteibanez.cl\/web\/wp-json\/wp\/v2\/comments?post=4368"}],"version-history":[{"count":0,"href":"https:\/\/www.radiopresidenteibanez.cl\/web\/wp-json\/wp\/v2\/posts\/4368\/revisions"}],"wp:featuredmedia":[{"embeddable":true,"href":"https:\/\/www.radiopresidenteibanez.cl\/web\/wp-json\/wp\/v2\/media\/4369"}],"wp:attachment":[{"href":"https:\/\/www.radiopresidenteibanez.cl\/web\/wp-json\/wp\/v2\/media?parent=4368"}],"wp:term":[{"taxonomy":"category","embeddable":true,"href":"https:\/\/www.radiopresidenteibanez.cl\/web\/wp-json\/wp\/v2\/categories?post=4368"},{"taxonomy":"post_tag","embeddable":true,"href":"https:\/\/www.radiopresidenteibanez.cl\/web\/wp-json\/wp\/v2\/tags?post=4368"}],"curies":[{"name":"wp","href":"https:\/\/api.w.org\/{rel}","templated":true}]}}