{"id":43677,"date":"2023-10-25T16:25:49","date_gmt":"2023-10-25T19:25:49","guid":{"rendered":"https:\/\/www.radiopresidenteibanez.cl\/web\/?p=43677"},"modified":"2023-10-25T16:26:06","modified_gmt":"2023-10-25T19:26:06","slug":"a-50-anos-del-golpe-agrupaciones-de-derechos-humanos-y-ex-presos-politicos-siguen-honrando-la-memoria-de-los-ejecutados-en-tierra-del-fuego-magallanes","status":"publish","type":"post","link":"https:\/\/www.radiopresidenteibanez.cl\/web\/a-50-anos-del-golpe-agrupaciones-de-derechos-humanos-y-ex-presos-politicos-siguen-honrando-la-memoria-de-los-ejecutados-en-tierra-del-fuego-magallanes\/","title":{"rendered":"A 50 A\u00d1OS DEL GOLPE: AGRUPACIONES DE DERECHOS HUMANOS Y EX PRESOS POL\u00cdTICOS SIGUEN HONRANDO LA MEMORIA DE LOS EJECUTADOS EN TIERRA DEL FUEGO, MAGALLANES"},"content":{"rendered":"\n<p>El 29 de octubre de 1973 fueron ejecutados, Carlos Ra\u00fal Baigorri Hern\u00e1ndez, Germ\u00e1n Sim\u00f3n C\u00e1rcamo Carrasco y Ram\u00f3n Domingo Gonz\u00e1lez Ortega, seg\u00fan consta en los archivos jur\u00eddicos del caso G\u00f3nzalez, en la localidad de Los Canelos, Cord\u00f3n Baquedano, a unos 40 minutos de Porvenir. En tanto que, Jorge Manuel Parra Alarc\u00f3n, fue asesinado por personal militar el 24 de octubre de 1973 en Cerro Sombrero. Estos cuatro presos pol\u00edticos de la dictadura de Pinochet, fueron ejecutados sin juicio, asesinados por efectivos del Regimiento Caupolic\u00e1n de Porvenir.&nbsp; Estos horribles cr\u00edmenes contra la humanidad se cometieron en el marco de una campa\u00f1a nacional de la dictadura en 1973 conocida como la \u00abCaravana de la Muerte\u00bb.<\/p>\n\n\n\n<p>Estos hechos est\u00e1n fehacientemente comprobados por la justicia chilena, dijeron en entrevista con Daniel Miranda, los dirigentes de Ex-presos Pol\u00edticos y de Derechos Humanos Sergio Reyes y Manuel Aguilante. De hecho, se conden\u00f3\u00a0 en enero del 2008 a\u00a0 Juan Antonio Ortiz Toledo y Miguel Pablo Mu\u00f1oz Uribe\u00a0 como autores del delito de homicidio calificado en la persona de Ram\u00f3n Domingo Gonz\u00e1lez Ortega, Germ\u00e1n Sim\u00f3n C\u00e1rcamo Carrasco y Carlos Ra\u00fal Baigorri Hern\u00e1ndez, seg\u00fan dice la sentencia por el\u00a0 \u201checho perpetrado en la localidad de Porvenir, la noche del 29 de octubre de 1973, a la pena de TRES A\u00d1OS Y UN DIA de presidio menor en su grado m\u00e1ximo, a las accesorias de inhabilitaci\u00f3n absoluta perpetua para derechos pol\u00edticos y la de inhabilitaci\u00f3n absoluta para cargos y oficios p\u00fablicos durante el tiempo de la condena y al pago de las costas de la causa.\u201d Igualmente, se conden\u00f3 a\u00a0\u00a0 Jos\u00e9 Rafael Aguirre Aguirre ,\u00a0 a la pena de CINCO A\u00d1OS Y UN DIA de presidio mayor en su grado m\u00ednimo.<\/p>\n\n\n\n<p>A Ortiz Toledo y Mu\u00f1oz Uribe se les concedi\u00f3 el beneficio de la libertad vigilada, debiendo permanecer sujetos a tratamiento y observaci\u00f3n por parte de un delegado de Libertad Vigilada, durante el t\u00e9rmino de tres a\u00f1os y un d\u00eda.&nbsp; Al condenado Aguirre Aguirre&nbsp; no se les concedi\u00f3 dicho beneficio.<\/p>\n\n\n\n<p>Como podemos ver, todos los inculpados cumplieron ya, hace rato, penas m\u00ednimas por los delitos de lesa humanidad cometidos, y sus superiores, quienes dieron las ordenes, permanecieron en completa impunidad, dijeron los dirigentes.<\/p>\n\n\n\n<p>Como acostumbramos a hacer,\u00a0 de alguna manera hemos normalizado lo que fue un tremendo crimen de estado, ejecutado por una de sus instituciones, el Ej\u00e9rcito de Chile. Falta aun tener explicaciones de el porqu\u00e9 de este crimen de lesa humanidad. \u00bfPor qu\u00e9 se escogieron estas cuatro personas para ser eliminados, sin cargos, ni juicio?<\/p>\n\n\n\n<p>\u00bfQUI\u00c9NES ERAN LOS EJECUTADOS DE TIERRA DEL FUEGO? <\/p>\n\n\n\n<p>Los siguientes datos fueron tomados de un video elaborado el a\u00f1o 2006, denominado \u201cInauguraci\u00f3n Memorial Magallanes\u201d, que se refiere al Memorial de Ejecutados y Desaparecidos que se encuentra en el Cementerio Municipal de Punta Arenas.<\/p>\n\n\n<div class=\"wp-block-image\">\n<figure class=\"alignleft size-full is-resized\"><img loading=\"lazy\" decoding=\"async\" width=\"108\" height=\"135\" src=\"https:\/\/www.radiopresidenteibanez.cl\/web\/wp-content\/uploads\/2023\/10\/R-Baigorri.jpg\" alt=\"\" class=\"wp-image-43680\" style=\"aspect-ratio:0.8;width:234px;height:auto\"\/><\/figure>\n<\/div>\n\n\n<p><strong>Carlos Ra\u00fal Baigorri Hern\u00e1ndez.<\/strong> Ten\u00eda 31 a\u00f1os y era viudo al momento de su ejecuci\u00f3n. Era profesor de la Escuela Coeducacional F39 de Porvenir. Padre de un hijo. Militante y secretario regional del Partido Comunista. No hab\u00eda pasado un mes desde el golpe de estado de 1973 cuando lo destituyeron de su cargo de profesor y fue reducido a labores administrativas en el internado del colegio. Cuando lo detuvieron, fue acusado de ser participe del Plan Zeta, comprobada falsedad inventada por la maquinaria de propaganda de la Junta Militar para justificar el golpe.<\/p>\n\n\n\n<p><\/p>\n\n\n<div class=\"wp-block-image\">\n<figure class=\"alignleft size-full is-resized\"><img loading=\"lazy\" decoding=\"async\" width=\"91\" height=\"145\" src=\"https:\/\/www.radiopresidenteibanez.cl\/web\/wp-content\/uploads\/2023\/10\/German-Carcamo-edited.jpg\" alt=\"\" class=\"wp-image-43682\" style=\"aspect-ratio:0.6560509554140127;width:236px;height:auto\"\/><\/figure>\n<\/div>\n\n\n<p><strong>Germ\u00e1n Sim\u00f3n C\u00e1rcamo Carrasco<\/strong>. Ten\u00eda 24 a\u00f1os cuando lo ejecutaron. Soltero. T\u00e9cnico veterinario, trabajaba en la empresa SOCOAGRO. Secretario del sindicato de su empresa. Era militante del Partido Socialista. C\u00e1rcamo lleg\u00f3 a Porvenir en el mes de junio de 1973 desde Valdivia, donde resid\u00eda junto a su madre y hermanos. En Porvenir viv\u00eda en una pensi\u00f3n desde donde fue detenido por Carabineros, acusado de poseer \u201cmaterial extremista\u201d, o sea libros, fue llevado primero al ret\u00e9n de carabineros de Porvenir y luego entregado al Regimiento Caupolic\u00e1n. La due\u00f1a de la pensi\u00f3n donde habitaba le llevaba ropa y recog\u00eda su ropa sucia, la que esta describi\u00f3 como habitualmente manchada de sangre.<\/p>\n\n\n\n<p><\/p>\n\n\n<div class=\"wp-block-image\">\n<figure class=\"alignleft size-large is-resized\"><img loading=\"lazy\" decoding=\"async\" width=\"768\" height=\"1024\" src=\"https:\/\/www.radiopresidenteibanez.cl\/web\/wp-content\/uploads\/2023\/10\/Ramon-Gonzalez-edited-768x1024.jpg\" alt=\"\" class=\"wp-image-43683\" style=\"aspect-ratio:0.75;width:235px;height:auto\" srcset=\"https:\/\/www.radiopresidenteibanez.cl\/web\/wp-content\/uploads\/2023\/10\/Ramon-Gonzalez-edited-768x1025.jpg 768w, https:\/\/www.radiopresidenteibanez.cl\/web\/wp-content\/uploads\/2023\/10\/Ramon-Gonzalez-edited-225x300.jpg 225w, https:\/\/www.radiopresidenteibanez.cl\/web\/wp-content\/uploads\/2023\/10\/Ramon-Gonzalez-edited-1151x1536.jpg 1151w, https:\/\/www.radiopresidenteibanez.cl\/web\/wp-content\/uploads\/2023\/10\/Ramon-Gonzalez-edited-1535x2048.jpg 1535w, https:\/\/www.radiopresidenteibanez.cl\/web\/wp-content\/uploads\/2023\/10\/Ramon-Gonzalez-edited-scaled.jpg 1919w\" sizes=\"auto, (max-width: 768px) 100vw, 768px\" \/><\/figure>\n<\/div>\n\n\n<p><strong>Ram\u00f3n Domingo Gonz\u00e1lez Ortega.<\/strong> Al momento de su ejecuci\u00f3n ten\u00eda 37 a\u00f1os, era casado. Padre de cuatro hijos. Contador. Trabajaba en el Servicio de Impuestos Internos de Punta Arenas como Inspector Grado 1. Lleg\u00f3 a Porvenir como interventor de la Cooperativa de Pescadores de Tierra del Fuego (COPETIF) y permaneci\u00f3 en ese cargo desde octubre de 1971 hasta diciembre de 1972. No ten\u00eda militancia pol\u00edtica. Gonz\u00e1lez naci\u00f3 en Chill\u00e1n, llegando a trabajar en Punta Arenas en 1969. El 11 de septiembre de 1973 fue detenido por personal de la FACH en Punta Arenas. Estuvo detenido en Bah\u00eda Catalina, y luego conducido a ASMAR, desde donde fue llevado en barco por la Marina al campo de prisioneros Compa\u00f1ia Ingenieros de la Infanter\u00eda de Marina, COMPINGIM, de Isla Dawson. El 11 de octubre de 1973 lo trasladaron al campo de prisioneros del Ejercito Caupolic\u00e1n en Porvenir, desde donde no sali\u00f3 con vida.<\/p>\n\n\n<div class=\"wp-block-image\">\n<figure class=\"alignleft size-full is-resized\"><img loading=\"lazy\" decoding=\"async\" width=\"103\" height=\"156\" src=\"https:\/\/www.radiopresidenteibanez.cl\/web\/wp-content\/uploads\/2023\/10\/Jorge-Parra.jpg\" alt=\"\" class=\"wp-image-43679\" style=\"aspect-ratio:0.6602564102564102;width:236px;height:auto\"\/><\/figure>\n<\/div>\n\n\n<p><strong>Jorge Manuel Parra Alarc\u00f3n.<\/strong> Ten\u00eda 38 a\u00f1os cuando lo mataron. Era funcionario de la Empresa Nacional del Petr\u00f3leo, ENAP. Era casado y ten\u00eda seis hijos. Era militante del Partido Comunista. Trabajaba como mec\u00e1nico del taller de Cerro Sombrero, y supervisor mec\u00e1nico de Manantiales. Para el 11 de septiembre se encontraba en comisi\u00f3n de servicio en Santiago. Vuelve a Punta Arenas el 16 de octubre de 1973, y es detenido al bajar del avi\u00f3n siendo inmediatamente trasladado a Cerro Sombrero donde es mantenido como prisionero en una casa del campamento que era usada como centro de interrogaci\u00f3n, detenci\u00f3n y tortura. El 24 de octubre de 1973, en un acto reflejo de defensa, en un momento de la tortura, Parra golpe\u00f3 a quien lo torturaba e interrogaba, propin\u00e1ndole \u00e9ste dos balazos con su arma de servicio. Lo dieron por muerto y se orden\u00f3 que lo trasladen a Porvenir. En el camino, Parra dio signos de vida, y los militares que lo transportaban procedieron a rematarlo.<\/p>\n\n\n\n<p>Aguilante y Reyes agregaron que \u00abA 50 a\u00f1os, los residentes de Porvenir, y de Magallanes en su conjunto, no hemos logrado reaccionar ante estos tr\u00e1gicos hechos, denunci\u00e1ndolos, y catalog\u00e1ndolos como lo que fueron, cr\u00edmenes de lesa humanidad, al margen de toda conducta civilizada. Se hace necesario establecer el sector de Los Canelos como un sitio de memoria, con acceso comunitario y con marcadores que expliciten lo que all\u00ed sucedi\u00f3, con las historias de los ejecutados y de los ejecutores. Ciertamente el Regimiento Caupolic\u00e1n debe ser sitio de memoria, donde tanta gente, hombres y mujeres, fueron martirizados, como los retenes de Carabineros e incluso casas particulares. Igualmente, deber\u00edan marcarse calles con los nombres de los compa\u00f1eros ejecutados, para honrar su memoria desde donde acabaron con sus vidas\u00bb.<\/p>\n\n\n\n<p>\u00abPor cierto, es una afrenta a la memoria de los ejecutados de Tierra del Fuego, y a las y los presos pol\u00edticos de dicho lugar, el que el museo regional lleve el nombre del general de Carabineros Fernando Cordero Rusque. Al momento del golpe el entonces teniente Cordero Rusque se destac\u00f3 en las tareas de represi\u00f3n y tortura de perseguidos pol\u00edticos, bajo las \u00f3rdenes del gobernador militar de la dictadura, Augusto Reiger Rago, nombres infamantes que deben pasar a la historia como asesinos, finalmente responsables de las ejecuciones aqu\u00ed mencionadas. Estos militares vivieron y murieron en la impunidad, sin juicio ni castigo alguno. Que sea la ciudadan\u00eda la que juzgue y rechace sus acciones criminales ya que el estado y la justicia no han querido hacerlo. Este 29 de octubre de 2023, nuevamente marcaremos la fecha, como lo hacemos a\u00f1o tras a\u00f1o las organizaciones de derechos humanos con una delegaci\u00f3n que viajar\u00e1 a Porvenir para llevar a cabo el d\u00eda 28 de octubre por la tarde la exhibici\u00f3n de la instalaci\u00f3n de origami, \u201cMil Grullas por la Memoria\u201d en el Museo Regional, la que continuar\u00e1 el domingo 29 por la ma\u00f1ana. El domingo 29 de octubre haremos la tradicional Romer\u00eda por los Ejecutados de Tierra del Fuego en el Cementerio Municipal, a las 13 horas, y a las 15 horas viajaremos en bus hasta el sitio memorial de Los Canelos. Toda la comunidad de Porvenir invitada a participar de estos eventos, donde tambi\u00e9n esperamos contar con autoridades regionales, Porvenir y Tierra del Fuego\u00bb.<\/p>\n","protected":false},"excerpt":{"rendered":"<p>El 29 de octubre de 1973 fueron ejecutados, Carlos Ra\u00fal Baigorri Hern\u00e1ndez, Germ\u00e1n Sim\u00f3n C\u00e1rcamo Carrasco y Ram\u00f3n Domingo Gonz\u00e1lez Ortega, seg\u00fan consta en los archivos jur\u00eddicos del caso G\u00f3nzalez,&#8230; <a class=\"read-more\" href=\"https:\/\/www.radiopresidenteibanez.cl\/web\/a-50-anos-del-golpe-agrupaciones-de-derechos-humanos-y-ex-presos-politicos-siguen-honrando-la-memoria-de-los-ejecutados-en-tierra-del-fuego-magallanes\/\">Leer m\u00e1s<\/a><\/p>\n","protected":false},"author":2,"featured_media":43684,"comment_status":"closed","ping_status":"closed","sticky":false,"template":"","format":"standard","meta":{"footnotes":""},"categories":[1,117,6],"tags":[],"class_list":["post-43677","post","type-post","status-publish","format-standard","has-post-thumbnail","hentry","category-cronica","category-derechos-humanos","category-policial"],"_links":{"self":[{"href":"https:\/\/www.radiopresidenteibanez.cl\/web\/wp-json\/wp\/v2\/posts\/43677","targetHints":{"allow":["GET"]}}],"collection":[{"href":"https:\/\/www.radiopresidenteibanez.cl\/web\/wp-json\/wp\/v2\/posts"}],"about":[{"href":"https:\/\/www.radiopresidenteibanez.cl\/web\/wp-json\/wp\/v2\/types\/post"}],"author":[{"embeddable":true,"href":"https:\/\/www.radiopresidenteibanez.cl\/web\/wp-json\/wp\/v2\/users\/2"}],"replies":[{"embeddable":true,"href":"https:\/\/www.radiopresidenteibanez.cl\/web\/wp-json\/wp\/v2\/comments?post=43677"}],"version-history":[{"count":0,"href":"https:\/\/www.radiopresidenteibanez.cl\/web\/wp-json\/wp\/v2\/posts\/43677\/revisions"}],"wp:featuredmedia":[{"embeddable":true,"href":"https:\/\/www.radiopresidenteibanez.cl\/web\/wp-json\/wp\/v2\/media\/43684"}],"wp:attachment":[{"href":"https:\/\/www.radiopresidenteibanez.cl\/web\/wp-json\/wp\/v2\/media?parent=43677"}],"wp:term":[{"taxonomy":"category","embeddable":true,"href":"https:\/\/www.radiopresidenteibanez.cl\/web\/wp-json\/wp\/v2\/categories?post=43677"},{"taxonomy":"post_tag","embeddable":true,"href":"https:\/\/www.radiopresidenteibanez.cl\/web\/wp-json\/wp\/v2\/tags?post=43677"}],"curies":[{"name":"wp","href":"https:\/\/api.w.org\/{rel}","templated":true}]}}