{"id":4363,"date":"2019-05-18T21:33:54","date_gmt":"2019-05-18T21:33:54","guid":{"rendered":"http:\/\/www.radiopresidenteibanez.cl\/web\/?p=4363"},"modified":"2019-05-18T21:34:44","modified_gmt":"2019-05-18T21:34:44","slug":"senadora-goic-queremos-revertir-los-nefastos-efectos-que-ha-traido-consigo-la-denominada-ley-longueira-a-la-pesca-artesanal","status":"publish","type":"post","link":"https:\/\/www.radiopresidenteibanez.cl\/web\/senadora-goic-queremos-revertir-los-nefastos-efectos-que-ha-traido-consigo-la-denominada-ley-longueira-a-la-pesca-artesanal\/","title":{"rendered":"SENADORA GOIC: \u201cQUEREMOS REVERTIR LOS NEFASTOS EFECTOS QUE HA TRA\u00cdDO CONSIGO LA DENOMINADA LEY LONGUEIRA A LA PESCA ARTESANAL\u201d"},"content":{"rendered":"\n<p>Recordando su rechazo a la idea de legislar la ley de pesca presentada en el primer Gobierno del Presidente Pi\u00f1era cuando era diputada, la actual senadora magall\u00e1nica Carolina Goic, valor\u00f3 que el pasado mi\u00e9rcoles se haya votado en primer tr\u00e1mite constitucional, la modificaci\u00f3n a la Ley General de Pesca y Acuicultura, en lo relativo a las licencias transables de pesca y que incorpora normas para prevenir la pesca ilegal. \u201cSe trata de una buena noticia, pues se incia el camino para revertir los nefastos efectos que ha tra\u00eddo consigo la denominada \u00b4Ley Longueira\u00b4 que yo, en su momento, vot\u00e9 en contra cuando a\u00fan era diputada. Hoy tenemos condiciones distintas, pues en su momento la discusi\u00f3n fue en un proceso muy opaco por la forma en que fue tramitada esta ley\u201d, se\u00f1al\u00f3 Goic.M\u00e1s adelante agreg\u00f3 que durante la discusi\u00f3n de la ley siempre defendi\u00f3  que el Estado fuera el due\u00f1o de los recursos hidrobiol\u00f3gicos de nuestro mar y tambi\u00e9n de extender las 5 millas reservadas para la pesca artesanal en todo el pa\u00eds, que hasta entonces solo estaban habilitadas hasta Puerto Montt. Tambi\u00e9n vot\u00f3 dijo, a favor la idea de elimiar la pesca de arrastre, como a su vez, limitar las licencias industriales y tambi\u00e9n de establecer un reconocimiento legal a los pueblos originarios dedicados a la pesca.\u201cQueremos revertir los nefastos efectos que ha tra\u00eddo al sector la \u00b4Ley Longueira\u00b4, y debo recordar que durante su votaci\u00f3n, siempre estuve a favor de los pescadores artesanales de la regi\u00f3n, cuando rechac\u00e9 tajantemente la idea de permitir que flotas de otras regiones pudieran operar en nuestra regi\u00f3n de Magallanes\u201d, enfatiz\u00f3.M\u00e1s adelante la senadora Carolina Goic, manifest\u00f3 que \u201ctodos sabemos el enorme da\u00f1o que caus\u00f3 la Ley Longueira, que fue un traje a la medida para la gran industria y que privatiz\u00f3 recursos marinos que son de todos los chilenos; y tambi\u00e9n nos enteramos de los oscuros pasajes que ti\u00f1eron su tramitaci\u00f3n, que contribuyeron a socavar la confianza de la gente en la labor legislativa que fue corrompida\u201d.Respecto a la modificaci\u00f3n que se busca, dijo que el proyecto de ley recoge una serie de mociones presentadas por distintos parlamentarios, una de ellas que ha venido trabajando desde el a\u00f1o 2015, que dice relaci\u00f3n al estatuto de los recursos hidrobiol\u00f3gicos, que especifica que \u00e9stos son propiedad de todos los chilenos y chilenas y no s\u00f3lo de un grupo de familias como ocurre actualmente. \u201cDe igual manera, me parece de toda justicia que este proyecto resuelva las profundas inequidades que dej\u00f3 la Ley Longueira, que perjudic\u00f3 gravemente a los pescadores artesanales de nuestro pa\u00eds y a sus familias, pero que adem\u00e1s da\u00f1\u00f3 gravemente la sostenibilidad de los recursos de nuestros mares, incluso poniendo en jaque la existencia de algunas especies\u201d, concluy\u00f3 la senadora Goic.<\/p>\n\n\n\n<figure class=\"wp-block-image\"><img loading=\"lazy\" decoding=\"async\" width=\"520\" height=\"343\" src=\"http:\/\/www.radiopresidenteibanez.cl\/web\/wp-content\/uploads\/2019\/04\/goic-A1.jpg\" alt=\"\" class=\"wp-image-3734\" srcset=\"https:\/\/www.radiopresidenteibanez.cl\/web\/wp-content\/uploads\/2019\/04\/goic-A1.jpg 520w, https:\/\/www.radiopresidenteibanez.cl\/web\/wp-content\/uploads\/2019\/04\/goic-A1-300x198.jpg 300w\" sizes=\"auto, (max-width: 520px) 100vw, 520px\" \/><\/figure>\n","protected":false},"excerpt":{"rendered":"<p>Recordando su rechazo a la idea de legislar la ley de pesca presentada en el primer Gobierno del Presidente Pi\u00f1era cuando era diputada, la actual senadora magall\u00e1nica Carolina Goic, valor\u00f3&#8230; <a class=\"read-more\" href=\"https:\/\/www.radiopresidenteibanez.cl\/web\/senadora-goic-queremos-revertir-los-nefastos-efectos-que-ha-traido-consigo-la-denominada-ley-longueira-a-la-pesca-artesanal\/\">Leer m\u00e1s<\/a><\/p>\n","protected":false},"author":2,"featured_media":3734,"comment_status":"closed","ping_status":"closed","sticky":false,"template":"","format":"standard","meta":{"footnotes":""},"categories":[5],"tags":[],"class_list":["post-4363","post","type-post","status-publish","format-standard","has-post-thumbnail","hentry","category-politica"],"_links":{"self":[{"href":"https:\/\/www.radiopresidenteibanez.cl\/web\/wp-json\/wp\/v2\/posts\/4363","targetHints":{"allow":["GET"]}}],"collection":[{"href":"https:\/\/www.radiopresidenteibanez.cl\/web\/wp-json\/wp\/v2\/posts"}],"about":[{"href":"https:\/\/www.radiopresidenteibanez.cl\/web\/wp-json\/wp\/v2\/types\/post"}],"author":[{"embeddable":true,"href":"https:\/\/www.radiopresidenteibanez.cl\/web\/wp-json\/wp\/v2\/users\/2"}],"replies":[{"embeddable":true,"href":"https:\/\/www.radiopresidenteibanez.cl\/web\/wp-json\/wp\/v2\/comments?post=4363"}],"version-history":[{"count":0,"href":"https:\/\/www.radiopresidenteibanez.cl\/web\/wp-json\/wp\/v2\/posts\/4363\/revisions"}],"wp:featuredmedia":[{"embeddable":true,"href":"https:\/\/www.radiopresidenteibanez.cl\/web\/wp-json\/wp\/v2\/media\/3734"}],"wp:attachment":[{"href":"https:\/\/www.radiopresidenteibanez.cl\/web\/wp-json\/wp\/v2\/media?parent=4363"}],"wp:term":[{"taxonomy":"category","embeddable":true,"href":"https:\/\/www.radiopresidenteibanez.cl\/web\/wp-json\/wp\/v2\/categories?post=4363"},{"taxonomy":"post_tag","embeddable":true,"href":"https:\/\/www.radiopresidenteibanez.cl\/web\/wp-json\/wp\/v2\/tags?post=4363"}],"curies":[{"name":"wp","href":"https:\/\/api.w.org\/{rel}","templated":true}]}}