{"id":43623,"date":"2023-10-24T08:55:00","date_gmt":"2023-10-24T11:55:00","guid":{"rendered":"https:\/\/www.radiopresidenteibanez.cl\/web\/?p=43623"},"modified":"2023-10-24T08:43:52","modified_gmt":"2023-10-24T11:43:52","slug":"43623-2","status":"publish","type":"post","link":"https:\/\/www.radiopresidenteibanez.cl\/web\/43623-2\/","title":{"rendered":"INFORMATIVO MATINAL ORBE"},"content":{"rendered":"\n<p>\u00a0La ministra vocera de Gobierno, Camila Vallejo, asegur\u00f3 que el Ejecutivo cumplir\u00e1 con el rol de informar<br>sobre la propuesta de nueva Constituci\u00f3n que se ir\u00e1 a plebiscitar el 17 de diciembre. Vallejo indic\u00f3 que \u00abnos vamos a desplegar con una campa\u00f1a a trav\u00e9s de redes sociales, medios de comunicaci\u00f3n, la impresi\u00f3n de los textos, que estos lleguen tambi\u00e9n a todas las regiones de nuestro pa\u00eds\u00bb,<br>sostuvo.<\/p>\n\n\n\n<p>SANTIAGO.- Adem\u00e1s, la vocera dijo \u00abtenemos ya adjudicados recursos. De hecho, la licitaci\u00f3n est\u00e1 arriba, tenemos la contrataci\u00f3n de servicio y creaci\u00f3n de una campa\u00f1a comunicacional publicada en el portal ChileCompra, la contrataci\u00f3n del suministro del texto, que es la propuesta de Constituci\u00f3n\u00bb. \u00abEstamos cumpliendo con nuestro deber, con recursos a disposici\u00f3n. La \u00fanica diferencia, que lo he<br>manifestado p\u00fablicamente y lo reitero, es que tenemos un plazo mucho m\u00e1s acotado\u00bb, detall\u00f3.<\/p>\n\n\n\n<p>SANTIAGO.- Vallejo, consultada sobre si el Ejecutivo empujar\u00e1 un tercer proceso constituyente, en el caso de que se rechace la nueva propuesta, replic\u00f3 que \u00abel mismo Presidente lo se\u00f1al\u00f3 en una entrevista, dif\u00edcilmente habr\u00edan condiciones para que en este Gobierno podamos iniciar y empujar un nuevo<br>proceso\u00bb. Ahora bien, relev\u00f3 que \u00abesto est\u00e1 en desarrollo, el texto a\u00fan no se ha finalizado\u00bb, sostuvo.<\/p>\n\n\n\n<p>SANTIAGO.- En otro tema, la ministra afirm\u00f3 que \u00abno es extrapolable\u00bb el sistema de gobernanza del Partido Comunista en China con el modelo que promover\u00eda la colectividad en el caso de Chile. Ello a ra\u00edz de los cuestionamientos que hay hacia el sistema pol\u00edtico que impera en el gigante asi\u00e1tico,<br>considerado como una dictadura, y a la defensa que Vallejo hizo al proceso de desarrollo chino en una entrevista.<\/p>\n\n\n\n<p>SANTIAGO.- Vallejo dijo \u00aben Chile se plantea que el comunismo trae pobreza, y no hay nada m\u00e1s alejado de eso que el proceso que lidera el PC chino\u00bb. Sobre si es bajo este tipo de sistemas pol\u00edticos que el proyecto del PC resulta exitoso, replic\u00f3: \u00abNing\u00fan modelo es exportable, fui muy clara respecto<br>al modelo chino, o de cualquier otro pa\u00eds que tiene pol\u00edticas de libre mercado o sistemas pol\u00edticos que no representan nuestra cultura de multipartidos. Entonces, no es extrapolable\u00bb, reiter\u00f3.<\/p>\n\n\n\n<p>SANTIAGO.- El jefe de asesores del segundo piso de La Moneda, Miguel Crispi, confirm\u00f3 su asistencia a la comisi\u00f3n investigadora del caso Convenios para la sesi\u00f3n del pr\u00f3ximo 6 de noviembre. As\u00ed lo confirmaron desde Presidencia, luego que la instancia fiscalizadora se reuniera y acordara citar por tercera vez a Crispi, quien previamente manifest\u00f3 su voluntad a comparecer presencialmente en calidad de exsubdere, tras la<br>disputa jur\u00eddica que se levant\u00f3 entre el Gobierno y Contralor\u00eda.<\/p>\n\n\n\n<p>SANTIAGO.- Al respecto, el ministro de Vivienda, Carlos Montes, dijo que \u00abCrispi es un gran profesional, una persona que ha aportado en las distintas cosas que ha estado y tendr\u00e1 que definir \u00e9l con su equipo y en la instancia en la que est\u00e1, c\u00f3mo sigue el proceso\u00bb. \u00abEntiendo que \u00e9l est\u00e1 dispuesto a ir y creo que es importante que vaya lo antes posible\u00bb, a\u00f1adi\u00f3.<\/p>\n\n\n\n<p>SANTIAGO.- Sobre un presunto error en la estrategia del Gobierno sobre la participaci\u00f3n del asesor, dijo \u00abyo no quiero hablar para atr\u00e1s. Creo que si \u00e9l dijo que quer\u00eda ir y a su vez, la comisi\u00f3n lo cit\u00f3, yo creo que se empieza a encontrar una l\u00ednea para enfrentar este problema\u00bb. Sobre las cr\u00edticas de personeros del Socialismo Democr\u00e1tico a Crispi, se\u00f1al\u00f3 \u00aben la democracia hay ciertas diversidades, diversos<br>puntos de vistas sobre muchas cosas y espero que seamos muy objetivos y muy serios\u00bb.<\/p>\n\n\n\n<p>VALPARAISO.- La comisi\u00f3n investigadora que indaga las responsabilidades pol\u00edticas del \u00abCaso Convenios\u00bb en la C\u00e1mara de Diputados envi\u00f3 una carta al Presidente, Gabriel Boric, manifestado su posici\u00f3n debido a la inasistencia a la instancia del jefe de asesores de La Moneda, Miguel Crispi. Esto, luego de que las bancadas de diputados de la UDI, RN, Ev\u00f3poli y Republicanos emplazaran a los representantes de la<br>Corporaci\u00f3n a tomar una postura frente a la pol\u00e9mica.<\/p>\n\n\n\n<p>VALPARAISO.- El documento dice que \u00abes nuestro parecer precisar que las declaraciones vertidas por distintas autoridades de Gobierno, en relaci\u00f3n a la inasistencia de Crispi, las entendemos como propias interpretaciones jur\u00eddicas que en caso alguno pueden pueden menoscabar la independencia<br>de este poder del Estado\u00bb. \u00abEn raz\u00f3n de lo anterior tenemos la certeza que vuestra excelencia, velar\u00e1 para que su gobierno resguarde siempre la debida deferencia entre los distintos poderes del Estado\u00bb, dice la misiva.<\/p>\n\n\n\n<p>VALPARAISO.- Adem\u00e1s, explica que \u00ablas comisiones especiales investigadoras son creadas por acuerdo de la C\u00e1mara de Diputadas y Diputados en el ejercicio de sus facultades fiscalizadoras, atribuciones que deben ser ejercidas con plena independencia de otros poderes del Estado\u00bb. La misiva cuenta con la firma del presidente Ricardo Cifuentes, DC, y las vicepresidentas Carmen Hertz, PC, y Daniela Cicardini,<br>PS.<\/p>\n","protected":false},"excerpt":{"rendered":"<p>\u00a0La ministra vocera de Gobierno, Camila Vallejo, asegur\u00f3 que el Ejecutivo cumplir\u00e1 con el rol de informarsobre la propuesta de nueva Constituci\u00f3n que se ir\u00e1 a plebiscitar el 17 de&#8230; <a class=\"read-more\" href=\"https:\/\/www.radiopresidenteibanez.cl\/web\/43623-2\/\">Leer m\u00e1s<\/a><\/p>\n","protected":false},"author":2,"featured_media":43624,"comment_status":"closed","ping_status":"closed","sticky":false,"template":"","format":"standard","meta":{"footnotes":""},"categories":[1],"tags":[],"class_list":["post-43623","post","type-post","status-publish","format-standard","has-post-thumbnail","hentry","category-cronica"],"_links":{"self":[{"href":"https:\/\/www.radiopresidenteibanez.cl\/web\/wp-json\/wp\/v2\/posts\/43623","targetHints":{"allow":["GET"]}}],"collection":[{"href":"https:\/\/www.radiopresidenteibanez.cl\/web\/wp-json\/wp\/v2\/posts"}],"about":[{"href":"https:\/\/www.radiopresidenteibanez.cl\/web\/wp-json\/wp\/v2\/types\/post"}],"author":[{"embeddable":true,"href":"https:\/\/www.radiopresidenteibanez.cl\/web\/wp-json\/wp\/v2\/users\/2"}],"replies":[{"embeddable":true,"href":"https:\/\/www.radiopresidenteibanez.cl\/web\/wp-json\/wp\/v2\/comments?post=43623"}],"version-history":[{"count":0,"href":"https:\/\/www.radiopresidenteibanez.cl\/web\/wp-json\/wp\/v2\/posts\/43623\/revisions"}],"wp:featuredmedia":[{"embeddable":true,"href":"https:\/\/www.radiopresidenteibanez.cl\/web\/wp-json\/wp\/v2\/media\/43624"}],"wp:attachment":[{"href":"https:\/\/www.radiopresidenteibanez.cl\/web\/wp-json\/wp\/v2\/media?parent=43623"}],"wp:term":[{"taxonomy":"category","embeddable":true,"href":"https:\/\/www.radiopresidenteibanez.cl\/web\/wp-json\/wp\/v2\/categories?post=43623"},{"taxonomy":"post_tag","embeddable":true,"href":"https:\/\/www.radiopresidenteibanez.cl\/web\/wp-json\/wp\/v2\/tags?post=43623"}],"curies":[{"name":"wp","href":"https:\/\/api.w.org\/{rel}","templated":true}]}}