{"id":43597,"date":"2023-10-23T13:53:00","date_gmt":"2023-10-23T16:53:00","guid":{"rendered":"https:\/\/www.radiopresidenteibanez.cl\/web\/?p=43597"},"modified":"2023-10-23T10:58:07","modified_gmt":"2023-10-23T13:58:07","slug":"convocan-a-la-segunda-sesion-de-la-mesa-regional-educacion-tecnica-profesional","status":"publish","type":"post","link":"https:\/\/www.radiopresidenteibanez.cl\/web\/convocan-a-la-segunda-sesion-de-la-mesa-regional-educacion-tecnica-profesional\/","title":{"rendered":"CONVOCAN A LA SEGUNDA SESION DE LA MESA REGIONAL EDUCACION TECNICA PROFESIONAL"},"content":{"rendered":"\n<p>Tras la exitosa sesi\u00f3n constitutiva de agosto pasado, la Mesa Regional #Educaci\u00f3nTP<br>prepara su segunda instancia de trabajo, potenciando el di\u00e1logo y generaci\u00f3n de<br>propuestas para el ecosistema del \u00e1rea. En esta nueva oportunidad la focalizaci\u00f3n estar\u00e1<br>puesta en los Liceos EMTP, para el an\u00e1lisis de lineamientos y acciones MINEDUC en el<br>\u00e1rea, la formulaci\u00f3n de inquietudes y necesidades de comunidades educativas, y el<br>establecimiento de redes colaborativas, contando con la presencia de Cristian Lincovil<br>Belmar, Secretario Ejecutivo de la Divisi\u00f3n de Educaci\u00f3n T\u00e9cnico Profesional, del Ministerio<br>de Educaci\u00f3n (MINEDUC), as\u00ed como de la autoridad sectorial en la regi\u00f3n, Valent\u00edn Aguilera<br>G\u00f3mez, Secretario Regional Ministerial de Educaci\u00f3n de Magallanes.<br>Comisionadas y comisionados de los sectores educativo, productivo, cooperaci\u00f3n, gremial y<br>p\u00fablico, han posicionado favorecer la empleabilidad de los\/as t\u00e9cnicos\/as, sobre la base de<br>una s\u00f3lida formaci\u00f3n en los liceos, pero tambi\u00e9n en el contexto de inserci\u00f3n laboral y<br>compromiso con sus trayectorias formativas, frente a los desaf\u00edos que la industria del<br>hidr\u00f3geno verde (H2V) le pone al territorio y sus comunidades.<br>Cabe indicar que esta mesa forma parte de la ejecuci\u00f3n del Programa Promoci\u00f3n de las<br>Inversiones de Magallanes 2022-2030, bajo el financiamiento del Gobierno Regional de<br>Magallanes y la Ant\u00e1rtica Chilena, donde el CFT Estatal de Magallanes fortalece su<br>compromiso con la formaci\u00f3n de adultos y j\u00f3venes, en reconocimiento de su territorio y<br>necesidades.<br>\u00c1lvaro Flores, Secretario Ejecutivo de la Mesa Regional #Educaci\u00f3nTP indic\u00f3: \u201cEn esta<br>segunda sesi\u00f3n presentaremos y daremos el vamos al Instrumento de Pesquisa \u2018Mol\u00e9cula<br>de las Oportunidades\u2019, la cual es una encuesta de diagn\u00f3stico sobre la educaci\u00f3n t\u00e9cnico-<br>profesional y la instalaci\u00f3n de la industria del hidr\u00f3geno verde (H2V) en la regi\u00f3n, para<br>obtener informaci\u00f3n clave y datos relevantes del ecosistema del \u00e1rea, as\u00ed como para<br>potenciar el v\u00ednculo intersectorial y cooperativo de quienes forman parte de la mesa\u201d.<br>La cita est\u00e1 agendada para el pr\u00f3ximo Lunes 23 de octubre, a las 15 horas, en el Sal\u00f3n<br>\u201cGabriela Mistral\u201d, de la Secretar\u00eda Regional Ministerial de Educaci\u00f3n, en calle Ignacio<br>Carrera Pinto #1259, en Punta Arenas.<\/p>\n","protected":false},"excerpt":{"rendered":"<p>Tras la exitosa sesi\u00f3n constitutiva de agosto pasado, la Mesa Regional #Educaci\u00f3nTPprepara su segunda instancia de trabajo, potenciando el di\u00e1logo y generaci\u00f3n depropuestas para el ecosistema del \u00e1rea. En esta&#8230; <a class=\"read-more\" href=\"https:\/\/www.radiopresidenteibanez.cl\/web\/convocan-a-la-segunda-sesion-de-la-mesa-regional-educacion-tecnica-profesional\/\">Leer m\u00e1s<\/a><\/p>\n","protected":false},"author":2,"featured_media":43598,"comment_status":"closed","ping_status":"closed","sticky":false,"template":"","format":"standard","meta":{"footnotes":""},"categories":[1],"tags":[],"class_list":["post-43597","post","type-post","status-publish","format-standard","has-post-thumbnail","hentry","category-cronica"],"_links":{"self":[{"href":"https:\/\/www.radiopresidenteibanez.cl\/web\/wp-json\/wp\/v2\/posts\/43597","targetHints":{"allow":["GET"]}}],"collection":[{"href":"https:\/\/www.radiopresidenteibanez.cl\/web\/wp-json\/wp\/v2\/posts"}],"about":[{"href":"https:\/\/www.radiopresidenteibanez.cl\/web\/wp-json\/wp\/v2\/types\/post"}],"author":[{"embeddable":true,"href":"https:\/\/www.radiopresidenteibanez.cl\/web\/wp-json\/wp\/v2\/users\/2"}],"replies":[{"embeddable":true,"href":"https:\/\/www.radiopresidenteibanez.cl\/web\/wp-json\/wp\/v2\/comments?post=43597"}],"version-history":[{"count":0,"href":"https:\/\/www.radiopresidenteibanez.cl\/web\/wp-json\/wp\/v2\/posts\/43597\/revisions"}],"wp:featuredmedia":[{"embeddable":true,"href":"https:\/\/www.radiopresidenteibanez.cl\/web\/wp-json\/wp\/v2\/media\/43598"}],"wp:attachment":[{"href":"https:\/\/www.radiopresidenteibanez.cl\/web\/wp-json\/wp\/v2\/media?parent=43597"}],"wp:term":[{"taxonomy":"category","embeddable":true,"href":"https:\/\/www.radiopresidenteibanez.cl\/web\/wp-json\/wp\/v2\/categories?post=43597"},{"taxonomy":"post_tag","embeddable":true,"href":"https:\/\/www.radiopresidenteibanez.cl\/web\/wp-json\/wp\/v2\/tags?post=43597"}],"curies":[{"name":"wp","href":"https:\/\/api.w.org\/{rel}","templated":true}]}}