{"id":43594,"date":"2023-10-23T12:46:00","date_gmt":"2023-10-23T15:46:00","guid":{"rendered":"https:\/\/www.radiopresidenteibanez.cl\/web\/?p=43594"},"modified":"2023-10-23T10:52:06","modified_gmt":"2023-10-23T13:52:06","slug":"programacion-semanal-de-el-ultimo-tren-a-casa-19","status":"publish","type":"post","link":"https:\/\/www.radiopresidenteibanez.cl\/web\/programacion-semanal-de-el-ultimo-tren-a-casa-19\/","title":{"rendered":"PROGRAMACI\u00d3N SEMANAL DE\u00a0 \u201cEL \u00daLTIMO TREN A CASA\u201d"},"content":{"rendered":"\n<p>&nbsp;La siguiente es la programaci\u00f3n de&nbsp;<em>\u201cEl \u00faltimo tren a casa\u201d<\/em>&nbsp;para la semana comprendida entre el lunes 23 y viernes 27 de octubre de 2023:<\/p>\n\n\n\n<p>&#8211;&nbsp;&nbsp;&nbsp;&nbsp;&nbsp;&nbsp;Lunes 23: Cumplea\u00f1os de&nbsp;<em>Charly Garc\u00eda<\/em>. Sui G\u00e9neris, La M\u00e1quina de hacer p\u00e1jaros, Ser\u00fa Gir\u00e1n y sus discos en solitario.<\/p>\n\n\n\n<p>&#8211;&nbsp;&nbsp;&nbsp;&nbsp;&nbsp;&nbsp;Martes 24: 40 a\u00f1os de la publicaci\u00f3n de&nbsp;<em>\u201cClics Modernos\u201d<\/em>&nbsp;de Charly Garc\u00eda.<\/p>\n\n\n\n<p>&#8211;&nbsp;&nbsp;&nbsp;&nbsp;&nbsp;&nbsp;Mi\u00e9rcoles 25:&nbsp;<em>Led Zeppelin IV<\/em>&nbsp;\u2013 el cl\u00e1sico disco del grupo brit\u00e1nico de rock Led Zeppelin.<\/p>\n\n\n\n<p>&#8211;&nbsp;&nbsp;&nbsp;&nbsp;&nbsp;&nbsp;Jueves 26: Solo Jazz.&nbsp;<em>Keith Jarrett&nbsp;<\/em>en vivo junto a&nbsp;<em>Gary Peacock&nbsp;<\/em>y&nbsp;<em>Jack De Johnette<\/em>.<\/p>\n\n\n\n<p>&#8211;&nbsp;&nbsp;&nbsp;&nbsp;&nbsp;&nbsp;Viernes 27:&nbsp;Cumplea\u00f1os de&nbsp;<em>Charly Garc\u00eda<\/em>. Sui G\u00e9neris, La M\u00e1quina de hacer p\u00e1jaros, Ser\u00fa Gir\u00e1n y sus discos en solitario (repetici\u00f3n)<\/p>\n\n\n\n<p>&#8211;&nbsp;&nbsp;&nbsp;&nbsp;&nbsp;&nbsp;Produce: Colectivo Aczi\u00f3n Kultural<\/p>\n\n\n\n<p>&#8211;&nbsp;&nbsp;&nbsp;&nbsp;&nbsp;&nbsp;Dibujos: Chico Alegr\u00eda\/Ping\u00fcino Mutante<\/p>\n\n\n\n<p>&#8211;&nbsp;&nbsp;&nbsp;&nbsp;&nbsp;&nbsp;88.5 FM \u2013&nbsp;<a href=\"http:\/\/www.radiopresidenteibanez.cl\/\" rel=\"noreferrer noopener\" target=\"_blank\">www.radiopresidenteibanez.cl<\/a>&nbsp;\u2013 facebook live &#8211;<\/p>\n","protected":false},"excerpt":{"rendered":"<p>&nbsp;La siguiente es la programaci\u00f3n de&nbsp;\u201cEl \u00faltimo tren a casa\u201d&nbsp;para la semana comprendida entre el lunes 23 y viernes 27 de octubre de 2023: &#8211;&nbsp;&nbsp;&nbsp;&nbsp;&nbsp;&nbsp;Lunes 23: Cumplea\u00f1os de&nbsp;Charly Garc\u00eda. Sui&#8230; <a class=\"read-more\" href=\"https:\/\/www.radiopresidenteibanez.cl\/web\/programacion-semanal-de-el-ultimo-tren-a-casa-19\/\">Leer m\u00e1s<\/a><\/p>\n","protected":false},"author":2,"featured_media":43595,"comment_status":"closed","ping_status":"closed","sticky":false,"template":"","format":"standard","meta":{"footnotes":""},"categories":[1],"tags":[],"class_list":["post-43594","post","type-post","status-publish","format-standard","has-post-thumbnail","hentry","category-cronica"],"_links":{"self":[{"href":"https:\/\/www.radiopresidenteibanez.cl\/web\/wp-json\/wp\/v2\/posts\/43594","targetHints":{"allow":["GET"]}}],"collection":[{"href":"https:\/\/www.radiopresidenteibanez.cl\/web\/wp-json\/wp\/v2\/posts"}],"about":[{"href":"https:\/\/www.radiopresidenteibanez.cl\/web\/wp-json\/wp\/v2\/types\/post"}],"author":[{"embeddable":true,"href":"https:\/\/www.radiopresidenteibanez.cl\/web\/wp-json\/wp\/v2\/users\/2"}],"replies":[{"embeddable":true,"href":"https:\/\/www.radiopresidenteibanez.cl\/web\/wp-json\/wp\/v2\/comments?post=43594"}],"version-history":[{"count":0,"href":"https:\/\/www.radiopresidenteibanez.cl\/web\/wp-json\/wp\/v2\/posts\/43594\/revisions"}],"wp:featuredmedia":[{"embeddable":true,"href":"https:\/\/www.radiopresidenteibanez.cl\/web\/wp-json\/wp\/v2\/media\/43595"}],"wp:attachment":[{"href":"https:\/\/www.radiopresidenteibanez.cl\/web\/wp-json\/wp\/v2\/media?parent=43594"}],"wp:term":[{"taxonomy":"category","embeddable":true,"href":"https:\/\/www.radiopresidenteibanez.cl\/web\/wp-json\/wp\/v2\/categories?post=43594"},{"taxonomy":"post_tag","embeddable":true,"href":"https:\/\/www.radiopresidenteibanez.cl\/web\/wp-json\/wp\/v2\/tags?post=43594"}],"curies":[{"name":"wp","href":"https:\/\/api.w.org\/{rel}","templated":true}]}}