{"id":43591,"date":"2023-10-23T11:07:00","date_gmt":"2023-10-23T14:07:00","guid":{"rendered":"https:\/\/www.radiopresidenteibanez.cl\/web\/?p=43591"},"modified":"2023-10-23T08:43:50","modified_gmt":"2023-10-23T11:43:50","slug":"secreduc-realizo-feria-literaria-vendaval-cultural-en-cabo-de-hornos","status":"publish","type":"post","link":"https:\/\/www.radiopresidenteibanez.cl\/web\/secreduc-realizo-feria-literaria-vendaval-cultural-en-cabo-de-hornos\/","title":{"rendered":"SECREDUC REALIZ\u00d3 FERIA LITERARIA \u201cVENDAVAL CULTURAL\u201d EN CABO DE HORNOS"},"content":{"rendered":"\n<p>El pasado jueves, entre las 11:00 y las 18:00 horas, se desarroll\u00f3 la tercera jornada de la II Feria Literaria \u00abVendaval Cultural Magallanes\u201d, que en esta oportunidad tuvo como sede el Gimnasio del Liceo Donald Mc Intyre Griffiths de Cabo de Hornos. Cabe destacar que este evento gratuito forma parte del Festival Hebra, desarrollado por el Ministerio de Educaci\u00f3n a lo largo de todo Chile.<\/p>\n\n\n\n<p>Durante la actividad, se presentaron las obras de teatro \u00abUna Improvisaci\u00f3n Sensacionalista\u00bb, donde participaron estudiantes del establecimiento, y \u00abDuro de Reciclar\u00bb, con actores regionales. Adem\u00e1s de un conversatorio con la escritora Roxana Palma, quien hizo referencia a su libro \u00abCuerpo de Agua\u00bb.<\/p>\n\n\n\n<p>El seremi de Educaci\u00f3n, Valent\u00edn Aguilera G\u00f3mez, se\u00f1al\u00f3 que la Feria Literaria \u201cVendaval Cultural en Magallanes\u201d se ha constituido en un gran evento art\u00edstico, cultural y pedag\u00f3gico que tiene como objetivo la promoci\u00f3n del libro, la lectoescritura y brindar acceso de manera descentralizada tanto a oferta cultural, como a talleres e iniciativas de car\u00e1cter docente para fortalecer las estrategias que desarrollan las comunidades en los territorios.<\/p>\n\n\n\n<p>\u201cEstamos muy contentos de que nuevamente esta iniciativa se desarrolle en las cuatro provincias, cumpliendo con el mandato de nuestro gobierno de trabajar en todos los confines de nuestro amplio territorio austral, especialmente considerando la relevancia de esta Feria en el marco de nuestro Plan de Reactivaci\u00f3n Educativa, foco principal de acci\u00f3n de nuestro Ministerio para el actual periodo\u201d, agreg\u00f3.<\/p>\n\n\n\n<p>Uno de los momentos emotivos se vivi\u00f3 con la construcci\u00f3n del Mural Colectivo denominado \u00abRetrato de Mujeres Recolectoras en Isla Navarino\u00bb, donde se homenaje\u00f3 a la artesana yag\u00e1n Julia Gonz\u00e1lez Calder\u00f3n, recientemente fallecida en Puerto Williams.<\/p>\n\n\n\n<p>La delegada presidencial provincial de la Ant\u00e1rtica Chilena, Mar\u00eda Luisa Mu\u00f1oz Manquemilla, se manifest\u00f3 muy agradecida por la presencia de este evento en la zona m\u00e1s austral del pa\u00eds. \u201cVimos artistas locales, la verdad es que fue muy interesante y bonito tambi\u00e9n ver a estudiantes del liceo que son actores y que tienen su propio teatro. Hoy pudimos ver la presentaci\u00f3n y entrega de libros de la escritora local, Marcela Garc\u00e9s, que ella habla sobre la literatura que es parte de su pueblo kaw\u00e9sqar. Participamos pintando en el mural de las mujeres recolectoras, hoy vivimos un momento dif\u00edcil, ha partido la t\u00eda Julia Gonz\u00e1lez, esta obra que la representa ha quedado en el colegio, donde todos y todas podr\u00e1n verla y valorar lo que significa mantener este legado, lo que es el arte del tejido en junco\u201d, explic\u00f3.<\/p>\n","protected":false},"excerpt":{"rendered":"<p>El pasado jueves, entre las 11:00 y las 18:00 horas, se desarroll\u00f3 la tercera jornada de la II Feria Literaria \u00abVendaval Cultural Magallanes\u201d, que en esta oportunidad tuvo como sede&#8230; <a class=\"read-more\" href=\"https:\/\/www.radiopresidenteibanez.cl\/web\/secreduc-realizo-feria-literaria-vendaval-cultural-en-cabo-de-hornos\/\">Leer m\u00e1s<\/a><\/p>\n","protected":false},"author":2,"featured_media":43592,"comment_status":"closed","ping_status":"closed","sticky":false,"template":"","format":"standard","meta":{"footnotes":""},"categories":[1],"tags":[],"class_list":["post-43591","post","type-post","status-publish","format-standard","has-post-thumbnail","hentry","category-cronica"],"_links":{"self":[{"href":"https:\/\/www.radiopresidenteibanez.cl\/web\/wp-json\/wp\/v2\/posts\/43591","targetHints":{"allow":["GET"]}}],"collection":[{"href":"https:\/\/www.radiopresidenteibanez.cl\/web\/wp-json\/wp\/v2\/posts"}],"about":[{"href":"https:\/\/www.radiopresidenteibanez.cl\/web\/wp-json\/wp\/v2\/types\/post"}],"author":[{"embeddable":true,"href":"https:\/\/www.radiopresidenteibanez.cl\/web\/wp-json\/wp\/v2\/users\/2"}],"replies":[{"embeddable":true,"href":"https:\/\/www.radiopresidenteibanez.cl\/web\/wp-json\/wp\/v2\/comments?post=43591"}],"version-history":[{"count":0,"href":"https:\/\/www.radiopresidenteibanez.cl\/web\/wp-json\/wp\/v2\/posts\/43591\/revisions"}],"wp:featuredmedia":[{"embeddable":true,"href":"https:\/\/www.radiopresidenteibanez.cl\/web\/wp-json\/wp\/v2\/media\/43592"}],"wp:attachment":[{"href":"https:\/\/www.radiopresidenteibanez.cl\/web\/wp-json\/wp\/v2\/media?parent=43591"}],"wp:term":[{"taxonomy":"category","embeddable":true,"href":"https:\/\/www.radiopresidenteibanez.cl\/web\/wp-json\/wp\/v2\/categories?post=43591"},{"taxonomy":"post_tag","embeddable":true,"href":"https:\/\/www.radiopresidenteibanez.cl\/web\/wp-json\/wp\/v2\/tags?post=43591"}],"curies":[{"name":"wp","href":"https:\/\/api.w.org\/{rel}","templated":true}]}}