{"id":4359,"date":"2019-05-17T21:21:02","date_gmt":"2019-05-17T21:21:02","guid":{"rendered":"http:\/\/www.radiopresidenteibanez.cl\/web\/?p=4359"},"modified":"2019-05-17T21:21:40","modified_gmt":"2019-05-17T21:21:40","slug":"autoridades-destacan-oportunidades-que-el-tpp-11-otorgaria-a-las-pymes-de-magallanes","status":"publish","type":"post","link":"https:\/\/www.radiopresidenteibanez.cl\/web\/autoridades-destacan-oportunidades-que-el-tpp-11-otorgaria-a-las-pymes-de-magallanes\/","title":{"rendered":"AUTORIDADES DESTACAN OPORTUNIDADES QUE EL TPP 11 OTORGAR\u00cdA A LAS PYMES DE MAGALLANES"},"content":{"rendered":"\n<p>En reuni\u00f3n con el intendente Jos\u00e9 Fern\u00e1ndez, las\nseremis de Hacienda, Lil Garc\u00e9s, de Econom\u00eda, Fomento y Turismo, Natalia\nEaston, y de Gobierno, Alejandra Mu\u00f1oz junto al director regional de Pro Chile,\nClaudio Villarroel, analizaron los beneficios para la regi\u00f3n del Tratado\nIntegral y Progresista de Asociaci\u00f3n Transpac\u00edfico (TPP 11), destacando las\noportunidades que le otorgar\u00eda a las Peque\u00f1as y Medianas Empresas (Pymes). <\/p>\n\n\n\n<p>En ese sentido, el intendente manifest\u00f3 que \u201cel TPP 11\notorgar\u00e1 importantes oportunidades a las empresas de la regi\u00f3n en todos los\nrubros productivos, permitiendo dinamizar la inserci\u00f3n de Magallanes en el Asia\nPac\u00edfico\u201d.<\/p>\n\n\n\n<p>La regi\u00f3n destaca como una de las mayores exportadoras\nde productos pesqueros del pa\u00eds. La actividad acu\u00edcola y pesquera genera por si\nsola el 53% de los env\u00edos de la regi\u00f3n, con exportaciones por US$ 442 millones\nen 2018. Destacan sus env\u00edos de salm\u00f3n, trucha, erizos, centollas, centoll\u00f3n y\nbacalao de profundidad, entre otras especies. <\/p>\n\n\n\n<p>Gran parte del empleo regional est\u00e1 ligado a las\nactividades exportadoras, por ejemplo la reproducci\u00f3n y cultivo de peces y las\nempresas procesadoras que agregan valor a la oferta exportable regional.<\/p>\n\n\n\n<p>\u201cLa internacionalizaci\u00f3n de la econom\u00eda regional es\nvital tanto para los exportadores directos, como para los productores y toda su\nred local de proveedores, que se benefician a trav\u00e9s de nuevas\noportunidades&nbsp; comerciales en el mundo,\ntales como las que otorga el Tratado Integral y Progresista de Asociaci\u00f3n\nTranspac\u00edfico (TPP)\u201d, se\u00f1al\u00f3 la seremi de Hacienda Lil Garc\u00e9s.<\/p>\n\n\n\n<p>Magallanes export\u00f3 68 productos al TPP 11 por un valor\nde US$94 millones, a trav\u00e9s de 39 empresas, de las cuales ocho son Pymes. <\/p>\n\n\n\n<p>El TPP 11 es el primer TLC que incorpora un cap\u00edtulo\npara las Pymes, y su intenci\u00f3n es facilitar un mayor aprovechamiento del\nacuerdo por parte de ellas. Asimismo, se podr\u00e1n desarrollar programas de apoyo\na las Pymes para el aprovechamiento de las nuevas oportunidades comerciales y\nsu inserci\u00f3n en las Cadenas Globales de Valor.<\/p>\n\n\n\n<p>\u201cComo Gobierno estamos esperanzados en que mediante la\nfirma de este acuerdo, los pa\u00edses involucrados tengan la convicci\u00f3n de que una\neconom\u00eda abierta va a beneficiar a nuestro pa\u00eds y a los 11 que componen el\nTratado, y generar\u00e1 mayor crecimiento econ\u00f3mico, mayor empleo, reducci\u00f3n de la\npobreza y un bienestar para todos los chilenos\u201d, dijo la seremi de Gobierno.<\/p>\n\n\n\n<p>Si bien Chile ya cuenta con Tratados de Libre Comercio\ncon los otros 10 pa\u00edses del TPP, muchos de estos tratados exclu\u00edan de\nbeneficios arancelarios a un gran n\u00famero de productos chilenos de los sectores\nagr\u00edcolas, forestales, pesqueros e industriales.<\/p>\n\n\n\n<p>A su vez, se abren importantes oportunidades para los exportadores de servicios. Gracias al TPP, los productos excluidos de beneficios en los TLC previos, podr\u00e1n acceder en condiciones mucho m\u00e1s favorables a mercados tan importantes como Jap\u00f3n, Canad\u00e1, Malasia, M\u00e9xico o Vietnam, por nombrar algunos.<\/p>\n\n\n\n<figure class=\"wp-block-image\"><img loading=\"lazy\" decoding=\"async\" width=\"1024\" height=\"683\" src=\"https:\/\/www.radiopresidenteibanez.cl\/web\/wp-content\/uploads\/2019\/05\/PHOTO-2019-05-17-09-16-33-1024x683.jpg\" alt=\"\" class=\"wp-image-4360\" srcset=\"https:\/\/www.radiopresidenteibanez.cl\/web\/wp-content\/uploads\/2019\/05\/PHOTO-2019-05-17-09-16-33-1024x683.jpg 1024w, https:\/\/www.radiopresidenteibanez.cl\/web\/wp-content\/uploads\/2019\/05\/PHOTO-2019-05-17-09-16-33-300x200.jpg 300w, https:\/\/www.radiopresidenteibanez.cl\/web\/wp-content\/uploads\/2019\/05\/PHOTO-2019-05-17-09-16-33-768x512.jpg 768w, https:\/\/www.radiopresidenteibanez.cl\/web\/wp-content\/uploads\/2019\/05\/PHOTO-2019-05-17-09-16-33.jpg 1280w\" sizes=\"auto, (max-width: 1024px) 100vw, 1024px\" \/><\/figure>\n","protected":false},"excerpt":{"rendered":"<p>En reuni\u00f3n con el intendente Jos\u00e9 Fern\u00e1ndez, las seremis de Hacienda, Lil Garc\u00e9s, de Econom\u00eda, Fomento y Turismo, Natalia Easton, y de Gobierno, Alejandra Mu\u00f1oz junto al director regional de&#8230; <a class=\"read-more\" href=\"https:\/\/www.radiopresidenteibanez.cl\/web\/autoridades-destacan-oportunidades-que-el-tpp-11-otorgaria-a-las-pymes-de-magallanes\/\">Leer m\u00e1s<\/a><\/p>\n","protected":false},"author":2,"featured_media":4360,"comment_status":"closed","ping_status":"closed","sticky":false,"template":"","format":"standard","meta":{"footnotes":""},"categories":[1],"tags":[],"class_list":["post-4359","post","type-post","status-publish","format-standard","has-post-thumbnail","hentry","category-cronica"],"_links":{"self":[{"href":"https:\/\/www.radiopresidenteibanez.cl\/web\/wp-json\/wp\/v2\/posts\/4359","targetHints":{"allow":["GET"]}}],"collection":[{"href":"https:\/\/www.radiopresidenteibanez.cl\/web\/wp-json\/wp\/v2\/posts"}],"about":[{"href":"https:\/\/www.radiopresidenteibanez.cl\/web\/wp-json\/wp\/v2\/types\/post"}],"author":[{"embeddable":true,"href":"https:\/\/www.radiopresidenteibanez.cl\/web\/wp-json\/wp\/v2\/users\/2"}],"replies":[{"embeddable":true,"href":"https:\/\/www.radiopresidenteibanez.cl\/web\/wp-json\/wp\/v2\/comments?post=4359"}],"version-history":[{"count":0,"href":"https:\/\/www.radiopresidenteibanez.cl\/web\/wp-json\/wp\/v2\/posts\/4359\/revisions"}],"wp:featuredmedia":[{"embeddable":true,"href":"https:\/\/www.radiopresidenteibanez.cl\/web\/wp-json\/wp\/v2\/media\/4360"}],"wp:attachment":[{"href":"https:\/\/www.radiopresidenteibanez.cl\/web\/wp-json\/wp\/v2\/media?parent=4359"}],"wp:term":[{"taxonomy":"category","embeddable":true,"href":"https:\/\/www.radiopresidenteibanez.cl\/web\/wp-json\/wp\/v2\/categories?post=4359"},{"taxonomy":"post_tag","embeddable":true,"href":"https:\/\/www.radiopresidenteibanez.cl\/web\/wp-json\/wp\/v2\/tags?post=4359"}],"curies":[{"name":"wp","href":"https:\/\/api.w.org\/{rel}","templated":true}]}}