{"id":4356,"date":"2019-05-17T21:15:59","date_gmt":"2019-05-17T21:15:59","guid":{"rendered":"http:\/\/www.radiopresidenteibanez.cl\/web\/?p=4356"},"modified":"2019-05-17T21:16:18","modified_gmt":"2019-05-17T21:16:18","slug":"seremi-de-gobierno-tras-la-aprobacion-de-la-idea-de-legislar-la-reforma-de-pensiones-los-adultos-mayores-anhelan-hace-anos-un-aumento-en-sus-pensiones","status":"publish","type":"post","link":"https:\/\/www.radiopresidenteibanez.cl\/web\/seremi-de-gobierno-tras-la-aprobacion-de-la-idea-de-legislar-la-reforma-de-pensiones-los-adultos-mayores-anhelan-hace-anos-un-aumento-en-sus-pensiones\/","title":{"rendered":"SEREMI DE GOBIERNO TRAS LA APROBACI\u00d3N DE LA IDEA DE LEGISLAR LA REFORMA DE PENSIONES \u201cLOS ADULTOS MAYORES ANHELAN HACE A\u00d1OS UN AUMENTO EN SUS PENSIONES\u201d"},"content":{"rendered":"\n<p>La seremi de Gobierno, Alejandra\nMu\u00f1oz, destac\u00f3 que este jueves la C\u00e1mara de Diputados resolviera aprobar la\nidea de legislar la Reforma de Pensiones propuesta por el Gobierno. <\/p>\n\n\n\n<p>En esa l\u00ednea, la seremi se\u00f1al\u00f3\nque este proyecto es urgente y necesario, porque \u201clos adultos mayores anhelan\nhace a\u00f1os un aumento en sus pensiones, lo mismo ocurre con las mujeres y la\nclase media\u201d.<\/p>\n\n\n\n<p>La reforma beneficiar\u00e1 a 1,6\nmillones de personas de las m\u00e1s vulnerables del pa\u00eds, y su Aporte Previsional\nSolidario va a crecer en forma inmediata en un 10%. A medida que la reforma se\nvaya implementando va a llegar ese aumento en las pensiones hasta un 50%.<\/p>\n\n\n\n<p>\u201cVemos con mucha satisfacci\u00f3n la aprobaci\u00f3n de la C\u00e1mara\nsobre la idea de legislar este proyecto, que va a beneficiar a m\u00e1s de 2,3\nmillones de adultos mayores pensando en el corto y largo plazo. Nuestra\npoblaci\u00f3n est\u00e1 envejeciendo, y todos vamos a necesitar una pensi\u00f3n que sea\nmucho m\u00e1s justa\u201d, manifest\u00f3 la seremi.<\/p>\n\n\n\n<p>Finalmente dijo que \u201choy gana el di\u00e1logo, y sobre todo, crece la esperanza para construir acuerdos que permitan seguir mejorando la calidad de vida de los chilenos, por eso como gobierno esperamos que este proyecto tenga \u00e9xito\u201d.<\/p>\n\n\n\n<figure class=\"wp-block-image\"><img loading=\"lazy\" decoding=\"async\" width=\"1024\" height=\"576\" src=\"https:\/\/www.radiopresidenteibanez.cl\/web\/wp-content\/uploads\/2019\/05\/Seremi-de-Gobierno-1024x576.jpg\" alt=\"\" class=\"wp-image-4357\" srcset=\"https:\/\/www.radiopresidenteibanez.cl\/web\/wp-content\/uploads\/2019\/05\/Seremi-de-Gobierno-1024x576.jpg 1024w, https:\/\/www.radiopresidenteibanez.cl\/web\/wp-content\/uploads\/2019\/05\/Seremi-de-Gobierno-300x169.jpg 300w, https:\/\/www.radiopresidenteibanez.cl\/web\/wp-content\/uploads\/2019\/05\/Seremi-de-Gobierno-768x432.jpg 768w, https:\/\/www.radiopresidenteibanez.cl\/web\/wp-content\/uploads\/2019\/05\/Seremi-de-Gobierno.jpg 1280w\" sizes=\"auto, (max-width: 1024px) 100vw, 1024px\" \/><\/figure>\n","protected":false},"excerpt":{"rendered":"<p>La seremi de Gobierno, Alejandra Mu\u00f1oz, destac\u00f3 que este jueves la C\u00e1mara de Diputados resolviera aprobar la idea de legislar la Reforma de Pensiones propuesta por el Gobierno. En esa&#8230; <a class=\"read-more\" href=\"https:\/\/www.radiopresidenteibanez.cl\/web\/seremi-de-gobierno-tras-la-aprobacion-de-la-idea-de-legislar-la-reforma-de-pensiones-los-adultos-mayores-anhelan-hace-anos-un-aumento-en-sus-pensiones\/\">Leer m\u00e1s<\/a><\/p>\n","protected":false},"author":2,"featured_media":4357,"comment_status":"closed","ping_status":"closed","sticky":false,"template":"","format":"standard","meta":{"footnotes":""},"categories":[1],"tags":[],"class_list":["post-4356","post","type-post","status-publish","format-standard","has-post-thumbnail","hentry","category-cronica"],"_links":{"self":[{"href":"https:\/\/www.radiopresidenteibanez.cl\/web\/wp-json\/wp\/v2\/posts\/4356","targetHints":{"allow":["GET"]}}],"collection":[{"href":"https:\/\/www.radiopresidenteibanez.cl\/web\/wp-json\/wp\/v2\/posts"}],"about":[{"href":"https:\/\/www.radiopresidenteibanez.cl\/web\/wp-json\/wp\/v2\/types\/post"}],"author":[{"embeddable":true,"href":"https:\/\/www.radiopresidenteibanez.cl\/web\/wp-json\/wp\/v2\/users\/2"}],"replies":[{"embeddable":true,"href":"https:\/\/www.radiopresidenteibanez.cl\/web\/wp-json\/wp\/v2\/comments?post=4356"}],"version-history":[{"count":0,"href":"https:\/\/www.radiopresidenteibanez.cl\/web\/wp-json\/wp\/v2\/posts\/4356\/revisions"}],"wp:featuredmedia":[{"embeddable":true,"href":"https:\/\/www.radiopresidenteibanez.cl\/web\/wp-json\/wp\/v2\/media\/4357"}],"wp:attachment":[{"href":"https:\/\/www.radiopresidenteibanez.cl\/web\/wp-json\/wp\/v2\/media?parent=4356"}],"wp:term":[{"taxonomy":"category","embeddable":true,"href":"https:\/\/www.radiopresidenteibanez.cl\/web\/wp-json\/wp\/v2\/categories?post=4356"},{"taxonomy":"post_tag","embeddable":true,"href":"https:\/\/www.radiopresidenteibanez.cl\/web\/wp-json\/wp\/v2\/tags?post=4356"}],"curies":[{"name":"wp","href":"https:\/\/api.w.org\/{rel}","templated":true}]}}