{"id":43557,"date":"2023-10-20T16:23:20","date_gmt":"2023-10-20T19:23:20","guid":{"rendered":"https:\/\/www.radiopresidenteibanez.cl\/web\/?p=43557"},"modified":"2023-10-20T16:24:45","modified_gmt":"2023-10-20T19:24:45","slug":"exitosas-jornadas-de-sensibilizacion-de-diversidades-sexuales-y-derechos-humanos-organizo-el-programa-de-acompanamiento-a-la-identidad-de-genero-del-hospital-clinico","status":"publish","type":"post","link":"https:\/\/www.radiopresidenteibanez.cl\/web\/exitosas-jornadas-de-sensibilizacion-de-diversidades-sexuales-y-derechos-humanos-organizo-el-programa-de-acompanamiento-a-la-identidad-de-genero-del-hospital-clinico\/","title":{"rendered":"Exitosas jornadas de sensibilizaci\u00f3n de diversidades sexuales y derechos humanos organiz\u00f3 el programa de acompa\u00f1amiento a la identidad de genero del hospital cl\u00ednico"},"content":{"rendered":"\n<p>Casi 900 funcionarias y funcionarios del sector salud e intersector participaron de las jornadas de<br>capacitaci\u00f3n \u201cHerramientas para la inclusi\u00f3n y respeto de las diversidades sexuales y de g\u00e9nero en<br>la atenci\u00f3n de salud: iniciando un camino\u201d, impartidas desde el 16 al 19 de octubre. La iniciativa<br>fue organizada por el Programa de Acompa\u00f1amiento a la Identidad de G\u00e9nero (PAIG) del Hospital<br>Cl\u00ednico de Magallanes junto con el Servicio de Salud Magallanes y FENPRUSS Magallanes, y<br>financiada con cargo el 8% del Fondo Nacional de Desarrollo Regional del GORE Magallanes.<br>\u201cHa sido un enorme esfuerzo conjunto, pero contamos con que ser\u00e1 un real aporte en lograr un<br>cambio de paradigma en la atenci\u00f3n de salud en nuestra regi\u00f3n, para lograr que realmente la<br>salud sea un derecho para todas las personas y un espacio libre de discriminaci\u00f3n\u201d, indic\u00f3 la Dra.<br>Valentina de Petris, m\u00e9dico jefe del PAIG.<br>Las jornadas fueron lideradas por reconocidas profesionales del Centro de Medicina Reproductiva<br>y Desarrollo Integral de Adolescentes (CEMERA) de la Universidad de Chile: Mar\u00eda Isabel Gonz\u00e1lez<br>y Carolina Luttges.<br>Mar\u00eda Isabel es enfermera matrona de la Pontificia Universidad Cat\u00f3lica de Chile y se ha dedicado<br>a la atenci\u00f3n cl\u00ednica de ni\u00f1as, ni\u00f1os y adolescentes, y tambi\u00e9n a la formaci\u00f3n de m\u00e9dicos<br>especialistas y subespecialistas en tem\u00e1ticas de diversidad sexual y g\u00e9nero. Adem\u00e1s, es<br>coordinadora del equipo de CEMERA para la atenci\u00f3n de adolescentes trans y sus familias,<br>entregando acompa\u00f1amiento y asesor\u00eda a familias y comunidades educativas en procesos de<br>transici\u00f3n de g\u00e9nero.<\/p>\n\n\n\n<p>Carolina Luttges, es psic\u00f3loga de ni\u00f1os y adolescentes y mag\u00edster en psicolog\u00eda de la Universidad<br>de Chile y post\u00edtulo en estrategias de intervenci\u00f3n en salud mental infantil en la Universidad del<br>Desarrollo. Ha participado como investigadora en diversos proyectos en tem\u00e1ticas de salud sexual<br>y reproductiva, y salud mental adolescente. Asimismo, ha sido invitada como conferencista a<br>varios congresos y cursos en estas tem\u00e1ticas y ha publicado art\u00edculos en revistas cient\u00edficas<br>nacionales e internacionales.<\/p>\n","protected":false},"excerpt":{"rendered":"<p>Casi 900 funcionarias y funcionarios del sector salud e intersector participaron de las jornadas decapacitaci\u00f3n \u201cHerramientas para la inclusi\u00f3n y respeto de las diversidades sexuales y de g\u00e9nero enla atenci\u00f3n&#8230; <a class=\"read-more\" href=\"https:\/\/www.radiopresidenteibanez.cl\/web\/exitosas-jornadas-de-sensibilizacion-de-diversidades-sexuales-y-derechos-humanos-organizo-el-programa-de-acompanamiento-a-la-identidad-de-genero-del-hospital-clinico\/\">Leer m\u00e1s<\/a><\/p>\n","protected":false},"author":2,"featured_media":43558,"comment_status":"closed","ping_status":"closed","sticky":false,"template":"","format":"standard","meta":{"footnotes":""},"categories":[1],"tags":[],"class_list":["post-43557","post","type-post","status-publish","format-standard","has-post-thumbnail","hentry","category-cronica"],"_links":{"self":[{"href":"https:\/\/www.radiopresidenteibanez.cl\/web\/wp-json\/wp\/v2\/posts\/43557","targetHints":{"allow":["GET"]}}],"collection":[{"href":"https:\/\/www.radiopresidenteibanez.cl\/web\/wp-json\/wp\/v2\/posts"}],"about":[{"href":"https:\/\/www.radiopresidenteibanez.cl\/web\/wp-json\/wp\/v2\/types\/post"}],"author":[{"embeddable":true,"href":"https:\/\/www.radiopresidenteibanez.cl\/web\/wp-json\/wp\/v2\/users\/2"}],"replies":[{"embeddable":true,"href":"https:\/\/www.radiopresidenteibanez.cl\/web\/wp-json\/wp\/v2\/comments?post=43557"}],"version-history":[{"count":0,"href":"https:\/\/www.radiopresidenteibanez.cl\/web\/wp-json\/wp\/v2\/posts\/43557\/revisions"}],"wp:featuredmedia":[{"embeddable":true,"href":"https:\/\/www.radiopresidenteibanez.cl\/web\/wp-json\/wp\/v2\/media\/43558"}],"wp:attachment":[{"href":"https:\/\/www.radiopresidenteibanez.cl\/web\/wp-json\/wp\/v2\/media?parent=43557"}],"wp:term":[{"taxonomy":"category","embeddable":true,"href":"https:\/\/www.radiopresidenteibanez.cl\/web\/wp-json\/wp\/v2\/categories?post=43557"},{"taxonomy":"post_tag","embeddable":true,"href":"https:\/\/www.radiopresidenteibanez.cl\/web\/wp-json\/wp\/v2\/tags?post=43557"}],"curies":[{"name":"wp","href":"https:\/\/api.w.org\/{rel}","templated":true}]}}