{"id":4351,"date":"2019-05-17T15:38:35","date_gmt":"2019-05-17T15:38:35","guid":{"rendered":"http:\/\/www.radiopresidenteibanez.cl\/web\/?p=4351"},"modified":"2019-05-17T15:39:14","modified_gmt":"2019-05-17T15:39:14","slug":"iva-brigada-aerea-entrego-saludo-protocolar-a-la-armada-de-chile-en-conmemoracion-del-dia-de-las-glorias-navales","status":"publish","type":"post","link":"https:\/\/www.radiopresidenteibanez.cl\/web\/iva-brigada-aerea-entrego-saludo-protocolar-a-la-armada-de-chile-en-conmemoracion-del-dia-de-las-glorias-navales\/","title":{"rendered":"IV\u00aa BRIGADA A\u00c9REA ENTREG\u00d3 SALUDO PROTOCOLAR A LA ARMADA DE CHILE EN CONMEMORACI\u00d3N DEL D\u00cdA DE LAS GLORIAS NAVALES"},"content":{"rendered":"\n<p>En\nel marco de la conmemoraci\u00f3n del D\u00eda de las Glorias Navales, el Comandante en\nJefe de la IV\u00aa\nBrigada A\u00e9rea, General de Brigada A\u00e9rea (A) Eduardo Mosqueira Cruz, acompa\u00f1ado\nde una delegaci\u00f3n Institucional, lleg\u00f3 hasta dependencias de la III<sup>a<\/sup>\nZona Naval de Punta Arenas, para efectuar un saludo protocolar al Comandante en\nJefe de dicha repartici\u00f3n, Contraalmirante Ronald Baasch Barberis.<\/p>\n\n\n\n<p>Durante el encuentro, el General Mosqueira destac\u00f3 la labor de la armada en esta zona y de cada uno de sus integrantes. Finalmente, hizo entrega de un afectuoso saludo a nombre de los aviadores australes. <\/p>\n\n\n\n<figure class=\"wp-block-image\"><img loading=\"lazy\" decoding=\"async\" width=\"900\" height=\"620\" src=\"https:\/\/www.radiopresidenteibanez.cl\/web\/wp-content\/uploads\/2019\/05\/DSC_0435.jpg\" alt=\"\" class=\"wp-image-4352\" srcset=\"https:\/\/www.radiopresidenteibanez.cl\/web\/wp-content\/uploads\/2019\/05\/DSC_0435.jpg 900w, https:\/\/www.radiopresidenteibanez.cl\/web\/wp-content\/uploads\/2019\/05\/DSC_0435-300x207.jpg 300w, https:\/\/www.radiopresidenteibanez.cl\/web\/wp-content\/uploads\/2019\/05\/DSC_0435-768x529.jpg 768w\" sizes=\"auto, (max-width: 900px) 100vw, 900px\" \/><\/figure>\n","protected":false},"excerpt":{"rendered":"<p>En el marco de la conmemoraci\u00f3n del D\u00eda de las Glorias Navales, el Comandante en Jefe de la IV\u00aa Brigada A\u00e9rea, General de Brigada A\u00e9rea (A) Eduardo Mosqueira Cruz, acompa\u00f1ado&#8230; <a class=\"read-more\" href=\"https:\/\/www.radiopresidenteibanez.cl\/web\/iva-brigada-aerea-entrego-saludo-protocolar-a-la-armada-de-chile-en-conmemoracion-del-dia-de-las-glorias-navales\/\">Leer m\u00e1s<\/a><\/p>\n","protected":false},"author":2,"featured_media":4352,"comment_status":"closed","ping_status":"closed","sticky":false,"template":"","format":"standard","meta":{"footnotes":""},"categories":[1],"tags":[],"class_list":["post-4351","post","type-post","status-publish","format-standard","has-post-thumbnail","hentry","category-cronica"],"_links":{"self":[{"href":"https:\/\/www.radiopresidenteibanez.cl\/web\/wp-json\/wp\/v2\/posts\/4351","targetHints":{"allow":["GET"]}}],"collection":[{"href":"https:\/\/www.radiopresidenteibanez.cl\/web\/wp-json\/wp\/v2\/posts"}],"about":[{"href":"https:\/\/www.radiopresidenteibanez.cl\/web\/wp-json\/wp\/v2\/types\/post"}],"author":[{"embeddable":true,"href":"https:\/\/www.radiopresidenteibanez.cl\/web\/wp-json\/wp\/v2\/users\/2"}],"replies":[{"embeddable":true,"href":"https:\/\/www.radiopresidenteibanez.cl\/web\/wp-json\/wp\/v2\/comments?post=4351"}],"version-history":[{"count":0,"href":"https:\/\/www.radiopresidenteibanez.cl\/web\/wp-json\/wp\/v2\/posts\/4351\/revisions"}],"wp:featuredmedia":[{"embeddable":true,"href":"https:\/\/www.radiopresidenteibanez.cl\/web\/wp-json\/wp\/v2\/media\/4352"}],"wp:attachment":[{"href":"https:\/\/www.radiopresidenteibanez.cl\/web\/wp-json\/wp\/v2\/media?parent=4351"}],"wp:term":[{"taxonomy":"category","embeddable":true,"href":"https:\/\/www.radiopresidenteibanez.cl\/web\/wp-json\/wp\/v2\/categories?post=4351"},{"taxonomy":"post_tag","embeddable":true,"href":"https:\/\/www.radiopresidenteibanez.cl\/web\/wp-json\/wp\/v2\/tags?post=4351"}],"curies":[{"name":"wp","href":"https:\/\/api.w.org\/{rel}","templated":true}]}}