{"id":43495,"date":"2023-10-19T09:26:00","date_gmt":"2023-10-19T12:26:00","guid":{"rendered":"https:\/\/www.radiopresidenteibanez.cl\/web\/?p=43495"},"modified":"2023-10-19T08:22:21","modified_gmt":"2023-10-19T11:22:21","slug":"enap-invita-a-la-comunidad-a-conocer-su-edificio-patrimonial-2","status":"publish","type":"post","link":"https:\/\/www.radiopresidenteibanez.cl\/web\/enap-invita-a-la-comunidad-a-conocer-su-edificio-patrimonial-2\/","title":{"rendered":"ENAP INVITA A LA COMUNIDAD A CONOCER SU EDIFICIO PATRIMONIAL"},"content":{"rendered":"\n<p>Su construcci\u00f3n data del a\u00f1o 1948 y desde entonces es uno de los edificios emblem\u00e1ticos de la Plaza de Armas de Punta Arenas.<\/p>\n\n\n\n<p>Es el edificio de ENAP Magallanes, imponente construcci\u00f3n que -una vez m\u00e1s- ser\u00e1 parte de los panoramas para el D\u00eda Regional del Patrimonio Cultural.<\/p>\n\n\n\n<p>Las puertas de este inmueble patrimonial se abrir\u00e1n el domingo 22 de octubre, entre las 11:00 y 14:00 horas, para que las personas puedan conocer algunos de sus pisos, los cuales concentran las principales \u00e1reas administrativas, gerencias y direcciones de la empresa en Magallanes; adem\u00e1s de aprender sobre el proceso de extracci\u00f3n de hidrocarburos, proyectos y desaf\u00edos, gracias a la exposici\u00f3n que realiza el gerente de ENAP Magallanes, Rodrigo Bustamante.&nbsp; \u201cNosotros mantenemos nuestro compromiso con la historia y el patrimonio de la regi\u00f3n de Magallanes, donde nace ENAP. Por eso, en mayo participamos en el D\u00eda Nacional del Patrimonio, donde recibimos m\u00e1s de 400 visitas; y en el marco del D\u00eda de la Regi\u00f3n, participaremos nuevamente, porque vemos que siempre hay mucho inter\u00e9s por conocer el edificio, pero tambi\u00e9n por saber m\u00e1s sobre ENAP. Siempre surgen muchas preguntas respecto del gas, c\u00f3mo se extrae, los proyectos que estamos desarrollado y los que hay a futuro. De todo eso y m\u00e1s podremos conversar el pr\u00f3ximo domingo, para lo cual est\u00e1n todos invitados\u201d, expres\u00f3 Alfonso Pacheco, jefe de Comunidades ENAP Magallanes.<\/p>\n\n\n\n<p>Como en otras oportunidades, los visitantes estar\u00e1n divididos en grupos, por orden de llegada, siendo guiados por los propios trabajadores\/as de la empresa, quienes aportar\u00e1n algunos datos del edificio respecto de sus inicios, cuando albergaba no solo oficinas, sino tambi\u00e9n departamentos habitacionales y algunos locales comerciales.<\/p>\n\n\n\n<p>La actividad culmina con la posibilidad de subir a la azotea para disfrutar de una vista privilegiada de Punta Arenas.&nbsp;<\/p>\n","protected":false},"excerpt":{"rendered":"<p>Su construcci\u00f3n data del a\u00f1o 1948 y desde entonces es uno de los edificios emblem\u00e1ticos de la Plaza de Armas de Punta Arenas. Es el edificio de ENAP Magallanes, imponente&#8230; <a class=\"read-more\" href=\"https:\/\/www.radiopresidenteibanez.cl\/web\/enap-invita-a-la-comunidad-a-conocer-su-edificio-patrimonial-2\/\">Leer m\u00e1s<\/a><\/p>\n","protected":false},"author":2,"featured_media":43496,"comment_status":"closed","ping_status":"closed","sticky":false,"template":"","format":"standard","meta":{"footnotes":""},"categories":[1],"tags":[],"class_list":["post-43495","post","type-post","status-publish","format-standard","has-post-thumbnail","hentry","category-cronica"],"_links":{"self":[{"href":"https:\/\/www.radiopresidenteibanez.cl\/web\/wp-json\/wp\/v2\/posts\/43495","targetHints":{"allow":["GET"]}}],"collection":[{"href":"https:\/\/www.radiopresidenteibanez.cl\/web\/wp-json\/wp\/v2\/posts"}],"about":[{"href":"https:\/\/www.radiopresidenteibanez.cl\/web\/wp-json\/wp\/v2\/types\/post"}],"author":[{"embeddable":true,"href":"https:\/\/www.radiopresidenteibanez.cl\/web\/wp-json\/wp\/v2\/users\/2"}],"replies":[{"embeddable":true,"href":"https:\/\/www.radiopresidenteibanez.cl\/web\/wp-json\/wp\/v2\/comments?post=43495"}],"version-history":[{"count":0,"href":"https:\/\/www.radiopresidenteibanez.cl\/web\/wp-json\/wp\/v2\/posts\/43495\/revisions"}],"wp:featuredmedia":[{"embeddable":true,"href":"https:\/\/www.radiopresidenteibanez.cl\/web\/wp-json\/wp\/v2\/media\/43496"}],"wp:attachment":[{"href":"https:\/\/www.radiopresidenteibanez.cl\/web\/wp-json\/wp\/v2\/media?parent=43495"}],"wp:term":[{"taxonomy":"category","embeddable":true,"href":"https:\/\/www.radiopresidenteibanez.cl\/web\/wp-json\/wp\/v2\/categories?post=43495"},{"taxonomy":"post_tag","embeddable":true,"href":"https:\/\/www.radiopresidenteibanez.cl\/web\/wp-json\/wp\/v2\/tags?post=43495"}],"curies":[{"name":"wp","href":"https:\/\/api.w.org\/{rel}","templated":true}]}}