{"id":43477,"date":"2023-10-18T14:37:00","date_gmt":"2023-10-18T17:37:00","guid":{"rendered":"https:\/\/www.radiopresidenteibanez.cl\/web\/?p=43477"},"modified":"2023-10-18T11:16:44","modified_gmt":"2023-10-18T14:16:44","slug":"hasta-este-jueves-19-de-octubre-se-reciben-las-postulaciones-al-fondo-concursable-de-elige-vivir-sano","status":"publish","type":"post","link":"https:\/\/www.radiopresidenteibanez.cl\/web\/hasta-este-jueves-19-de-octubre-se-reciben-las-postulaciones-al-fondo-concursable-de-elige-vivir-sano\/","title":{"rendered":"HASTA ESTE JUEVES 19 DE OCTUBRE SE RECIBEN LAS POSTULACIONES  AL FONDO CONCURSABLE DE ELIGE VIVIR SANO"},"content":{"rendered":"\n<p>Recordemos que se trata del Fondo Concursable Promoci\u00f3n de Entornos Saludables<br>2023 \u201cJuntas y juntos por un futuro m\u00e1s sano\u201d, que este a\u00f1o cuenta con un presupuesto<br>total de $818.000.000, a trav\u00e9s de los cuales se financiar\u00e1n 50 proyectos de las 16<br>regiones del pa\u00eds, con montos que pueden ir desde los 15 a los 30 millones de pesos,<br>seg\u00fan su nivel de alcance regional o multiregional.<br>En cuanto a la postulaci\u00f3n, las instituciones interesadas deber\u00e1n acceder al formulario de<br>postulaci\u00f3n ingresando a la p\u00e1gina web del Sistema Elige Vivir Sano<br>www.eligevivirsano.gob.cl. La documentaci\u00f3n deber\u00e1 ser entregada de manera f\u00edsica en<br>la oficina de partes de la Secretar\u00eda Regional de Desarrollo Social y Familia, ubicada en<br>Calle Roca N\u00ba 817, piso 8, hasta este jueves 19 de octubre a las 13.00 hrs.<br>Podr\u00e1n postular, las instituciones privadas sin fines de lucro con una existencia m\u00ednima de<br>dos a\u00f1os. Estas organizaciones podr\u00e1n ser fundaciones, corporaciones, asociaciones o<br>corporaciones municipales, corporaciones educacionales (s\u00f3lo aquellas que trabajen o se<br>vinculen a establecimientos educacionales municipales y\/o subvencionados) y,<br>asociaciones y comunidades ind\u00edgenas reguladas por la Ley N\u00b019.253.<br>El Seremi de Desarrollo Social y Familia, Danilo Mimica, hizo un llamado a postular a<br>estos fondos. \u201cQuiero reiterar el llamado a postular a este fondo p\u00fablico porque es una<br>excelente oportunidad para financiar proyectos innovadores que generen entornos<br>saludables. Necesitamos promover con fuerza una regi\u00f3n que contribuya a mejorar la<br>alimentaci\u00f3n saluble y a fomentar la actividad f\u00edsica, para tener una mejor calidad de<br>vida\u201d.<\/p>\n","protected":false},"excerpt":{"rendered":"<p>Recordemos que se trata del Fondo Concursable Promoci\u00f3n de Entornos Saludables2023 \u201cJuntas y juntos por un futuro m\u00e1s sano\u201d, que este a\u00f1o cuenta con un presupuestototal de $818.000.000, a trav\u00e9s&#8230; <a class=\"read-more\" href=\"https:\/\/www.radiopresidenteibanez.cl\/web\/hasta-este-jueves-19-de-octubre-se-reciben-las-postulaciones-al-fondo-concursable-de-elige-vivir-sano\/\">Leer m\u00e1s<\/a><\/p>\n","protected":false},"author":2,"featured_media":43453,"comment_status":"closed","ping_status":"closed","sticky":false,"template":"","format":"standard","meta":{"footnotes":""},"categories":[1],"tags":[],"class_list":["post-43477","post","type-post","status-publish","format-standard","has-post-thumbnail","hentry","category-cronica"],"_links":{"self":[{"href":"https:\/\/www.radiopresidenteibanez.cl\/web\/wp-json\/wp\/v2\/posts\/43477","targetHints":{"allow":["GET"]}}],"collection":[{"href":"https:\/\/www.radiopresidenteibanez.cl\/web\/wp-json\/wp\/v2\/posts"}],"about":[{"href":"https:\/\/www.radiopresidenteibanez.cl\/web\/wp-json\/wp\/v2\/types\/post"}],"author":[{"embeddable":true,"href":"https:\/\/www.radiopresidenteibanez.cl\/web\/wp-json\/wp\/v2\/users\/2"}],"replies":[{"embeddable":true,"href":"https:\/\/www.radiopresidenteibanez.cl\/web\/wp-json\/wp\/v2\/comments?post=43477"}],"version-history":[{"count":0,"href":"https:\/\/www.radiopresidenteibanez.cl\/web\/wp-json\/wp\/v2\/posts\/43477\/revisions"}],"wp:featuredmedia":[{"embeddable":true,"href":"https:\/\/www.radiopresidenteibanez.cl\/web\/wp-json\/wp\/v2\/media\/43453"}],"wp:attachment":[{"href":"https:\/\/www.radiopresidenteibanez.cl\/web\/wp-json\/wp\/v2\/media?parent=43477"}],"wp:term":[{"taxonomy":"category","embeddable":true,"href":"https:\/\/www.radiopresidenteibanez.cl\/web\/wp-json\/wp\/v2\/categories?post=43477"},{"taxonomy":"post_tag","embeddable":true,"href":"https:\/\/www.radiopresidenteibanez.cl\/web\/wp-json\/wp\/v2\/tags?post=43477"}],"curies":[{"name":"wp","href":"https:\/\/api.w.org\/{rel}","templated":true}]}}