{"id":4346,"date":"2019-05-17T15:08:56","date_gmt":"2019-05-17T15:08:56","guid":{"rendered":"http:\/\/www.radiopresidenteibanez.cl\/web\/?p=4346"},"modified":"2019-05-17T15:09:34","modified_gmt":"2019-05-17T15:09:34","slug":"entradas-a-la-venta-bingo-social-de-la-cchc-beneficiara-a-unpade-punta-arenas","status":"publish","type":"post","link":"https:\/\/www.radiopresidenteibanez.cl\/web\/entradas-a-la-venta-bingo-social-de-la-cchc-beneficiara-a-unpade-punta-arenas\/","title":{"rendered":"ENTRADAS A LA VENTA: BINGO SOCIAL DE LA CCHC BENEFICIAR\u00c1 A UNPADE PUNTA ARENAS"},"content":{"rendered":"\n<p>La C\u00e1mara Chilena de la Construcci\u00f3n Punta Arenas, a trav\u00e9s de su Consejo&nbsp;Social, beneficiar\u00e1 a la Uni\u00f3n de Padres y Amigos de Personas con Discapacidad Intelectual de Punta Arenas (Unpade) con los fondos que se recauden de la realizaci\u00f3n del&nbsp;Bingo&nbsp;Social&nbsp;2019, que se llevar\u00e1 a cabo el pr\u00f3ximo s\u00e1bado 31 de agosto desde las 15:00 hrs. en los salones del Hotel Dreams.<\/p>\n\n\n\n<p>Unpade Punta Arenas naci\u00f3 en 1985 por la iniciativa de un grupo de padres que&nbsp;ten\u00edan&nbsp;la necesidad de contar con un lugar donde llevar a sus hijos, dado que por la discapacidad severa de los menores les era muy dif\u00edcil encontrar un taller que los recibiera. En 1992, la instituci\u00f3n pasa a ser colaborador del Estado, con el objetivo de contribuir al desarrollo de competencias orientadas a lograr la inclusi\u00f3n laboral de sus alumnos.<\/p>\n\n\n\n<p>Actualmente Unpade Punta Arenas trabaja para veintis\u00e9is&nbsp;j\u00f3venes y adultos entre 16 y 50 a\u00f1os&nbsp;y est\u00e1 dividido en dos niveles:<\/p>\n\n\n\n<p>&#8211;&nbsp;&nbsp;&nbsp;&nbsp;&nbsp;&nbsp;&nbsp;Nivel de&nbsp;j\u00f3venes&nbsp;de 16 a 26 a\u00f1os, en modalidad de&nbsp;Taller Laboral, subvencionado por el Estado: orientado a personas con discapacidad intelectual, s\u00edndrome de Down y trastornos espectro autista. El proceso educativo&nbsp;permite&nbsp;un mejor aprendizaje de competencias laborales, con el objetivo de alcanzar metas integrales que satisfagan sus necesidades psicobiol\u00f3gicas, socioafectivas, psicomotrices, etc.<\/p>\n\n\n\n<p>&#8211;&nbsp;&nbsp;&nbsp;&nbsp;&nbsp;&nbsp;&nbsp;Nivel de adultos de 27 a 50 a\u00f1os, en modalidad Taller Laboral: son ex alumnos\/as que por sus caracter\u00edsticas no&nbsp;pudieron insertarse en el mundo laboral.&nbsp;&nbsp;<\/p>\n\n\n\n<p>Adem\u00e1s, Unpade realiza una gran variedad de talleres: Hortofrut\u00edcola, Aseo y Ornato, F\u00edsico Motor y Deporte, Manipulaci\u00f3n de Alimentos y Computaci\u00f3n.<\/p>\n\n\n\n<p>La presidenta del Directorio del Unpade, Martita Garc\u00eda, coment\u00f3 que las ganancias del&nbsp;Bingo&nbsp;Social&nbsp;les ayudar\u00e1n a contar con los materiales necesarios para realizar estas actividades.<\/p>\n\n\n\n<p>\u201cSomos una organizaci\u00f3n sin fines de lucro que se solventa con la subvenci\u00f3n escolar, aporte de socios, la colecta anual&nbsp;y algunas donaciones de empresas, pero de igual manera nos cuesta cubrir nuestros gastos habituales. Por eso, agradecemos el apoyo de la C\u00e1mara Chilena de la Construcci\u00f3n, al elegirnos para su tradicional Bingo\u201d, asever\u00f3 Garc\u00eda.<\/p>\n\n\n\n<p>El\u00a0valor\u00a0de adhesi\u00f3n es de $10.000, precio que da derecho a una rifa, una once, y un cart\u00f3n de\u00a0bingo.\u00a0Las entradas para el\u00a0Bingo\u00a0Social\u00a02019 ya est\u00e1n disponibles en la sede de la CChC Punta Arenas, Magallanes 671.<\/p>\n\n\n\n<figure class=\"wp-block-image\"><img loading=\"lazy\" decoding=\"async\" width=\"900\" height=\"675\" src=\"https:\/\/www.radiopresidenteibanez.cl\/web\/wp-content\/uploads\/2019\/05\/Fachada-Unpade-Punta-Arenas.jpg\" alt=\"\" class=\"wp-image-4347\" srcset=\"https:\/\/www.radiopresidenteibanez.cl\/web\/wp-content\/uploads\/2019\/05\/Fachada-Unpade-Punta-Arenas.jpg 900w, https:\/\/www.radiopresidenteibanez.cl\/web\/wp-content\/uploads\/2019\/05\/Fachada-Unpade-Punta-Arenas-300x225.jpg 300w, https:\/\/www.radiopresidenteibanez.cl\/web\/wp-content\/uploads\/2019\/05\/Fachada-Unpade-Punta-Arenas-768x576.jpg 768w\" sizes=\"auto, (max-width: 900px) 100vw, 900px\" \/><\/figure>\n\n\n\n<p><br><\/p>\n","protected":false},"excerpt":{"rendered":"<p>La C\u00e1mara Chilena de la Construcci\u00f3n Punta Arenas, a trav\u00e9s de su Consejo&nbsp;Social, beneficiar\u00e1 a la Uni\u00f3n de Padres y Amigos de Personas con Discapacidad Intelectual de Punta Arenas (Unpade)&#8230; <a class=\"read-more\" href=\"https:\/\/www.radiopresidenteibanez.cl\/web\/entradas-a-la-venta-bingo-social-de-la-cchc-beneficiara-a-unpade-punta-arenas\/\">Leer m\u00e1s<\/a><\/p>\n","protected":false},"author":2,"featured_media":4347,"comment_status":"closed","ping_status":"closed","sticky":false,"template":"","format":"standard","meta":{"footnotes":""},"categories":[1],"tags":[],"class_list":["post-4346","post","type-post","status-publish","format-standard","has-post-thumbnail","hentry","category-cronica"],"_links":{"self":[{"href":"https:\/\/www.radiopresidenteibanez.cl\/web\/wp-json\/wp\/v2\/posts\/4346","targetHints":{"allow":["GET"]}}],"collection":[{"href":"https:\/\/www.radiopresidenteibanez.cl\/web\/wp-json\/wp\/v2\/posts"}],"about":[{"href":"https:\/\/www.radiopresidenteibanez.cl\/web\/wp-json\/wp\/v2\/types\/post"}],"author":[{"embeddable":true,"href":"https:\/\/www.radiopresidenteibanez.cl\/web\/wp-json\/wp\/v2\/users\/2"}],"replies":[{"embeddable":true,"href":"https:\/\/www.radiopresidenteibanez.cl\/web\/wp-json\/wp\/v2\/comments?post=4346"}],"version-history":[{"count":0,"href":"https:\/\/www.radiopresidenteibanez.cl\/web\/wp-json\/wp\/v2\/posts\/4346\/revisions"}],"wp:featuredmedia":[{"embeddable":true,"href":"https:\/\/www.radiopresidenteibanez.cl\/web\/wp-json\/wp\/v2\/media\/4347"}],"wp:attachment":[{"href":"https:\/\/www.radiopresidenteibanez.cl\/web\/wp-json\/wp\/v2\/media?parent=4346"}],"wp:term":[{"taxonomy":"category","embeddable":true,"href":"https:\/\/www.radiopresidenteibanez.cl\/web\/wp-json\/wp\/v2\/categories?post=4346"},{"taxonomy":"post_tag","embeddable":true,"href":"https:\/\/www.radiopresidenteibanez.cl\/web\/wp-json\/wp\/v2\/tags?post=4346"}],"curies":[{"name":"wp","href":"https:\/\/api.w.org\/{rel}","templated":true}]}}