{"id":43441,"date":"2023-10-17T16:31:00","date_gmt":"2023-10-17T19:31:00","guid":{"rendered":"https:\/\/www.radiopresidenteibanez.cl\/web\/?p=43441"},"modified":"2023-10-17T11:22:08","modified_gmt":"2023-10-17T14:22:08","slug":"jornadas-tradicionales-en-laguna-blanca","status":"publish","type":"post","link":"https:\/\/www.radiopresidenteibanez.cl\/web\/jornadas-tradicionales-en-laguna-blanca\/","title":{"rendered":"JORNADAS TRADICIONALES EN LAGUNA BLANCA"},"content":{"rendered":"\n<p>\u00c9stas Jornadas Tradicionales de Laguna Blanca fueron financiadas por el Gobierno Regional de Magallanes y la Ant\u00e1rtica Chilena, y cont\u00f3 con el cierre musical de la conocida banda regional de chamam\u00e9 \u201cLos Chamanes de la Patagonia\u201d.<\/p>\n","protected":false},"excerpt":{"rendered":"<p>\u00c9stas Jornadas Tradicionales de Laguna Blanca fueron financiadas por el Gobierno Regional de Magallanes y la Ant\u00e1rtica Chilena, y cont\u00f3 con el cierre musical de la conocida banda regional de&#8230; <a class=\"read-more\" href=\"https:\/\/www.radiopresidenteibanez.cl\/web\/jornadas-tradicionales-en-laguna-blanca\/\">Leer m\u00e1s<\/a><\/p>\n","protected":false},"author":2,"featured_media":43442,"comment_status":"closed","ping_status":"closed","sticky":false,"template":"","format":"standard","meta":{"footnotes":""},"categories":[1],"tags":[],"class_list":["post-43441","post","type-post","status-publish","format-standard","has-post-thumbnail","hentry","category-cronica"],"_links":{"self":[{"href":"https:\/\/www.radiopresidenteibanez.cl\/web\/wp-json\/wp\/v2\/posts\/43441","targetHints":{"allow":["GET"]}}],"collection":[{"href":"https:\/\/www.radiopresidenteibanez.cl\/web\/wp-json\/wp\/v2\/posts"}],"about":[{"href":"https:\/\/www.radiopresidenteibanez.cl\/web\/wp-json\/wp\/v2\/types\/post"}],"author":[{"embeddable":true,"href":"https:\/\/www.radiopresidenteibanez.cl\/web\/wp-json\/wp\/v2\/users\/2"}],"replies":[{"embeddable":true,"href":"https:\/\/www.radiopresidenteibanez.cl\/web\/wp-json\/wp\/v2\/comments?post=43441"}],"version-history":[{"count":0,"href":"https:\/\/www.radiopresidenteibanez.cl\/web\/wp-json\/wp\/v2\/posts\/43441\/revisions"}],"wp:featuredmedia":[{"embeddable":true,"href":"https:\/\/www.radiopresidenteibanez.cl\/web\/wp-json\/wp\/v2\/media\/43442"}],"wp:attachment":[{"href":"https:\/\/www.radiopresidenteibanez.cl\/web\/wp-json\/wp\/v2\/media?parent=43441"}],"wp:term":[{"taxonomy":"category","embeddable":true,"href":"https:\/\/www.radiopresidenteibanez.cl\/web\/wp-json\/wp\/v2\/categories?post=43441"},{"taxonomy":"post_tag","embeddable":true,"href":"https:\/\/www.radiopresidenteibanez.cl\/web\/wp-json\/wp\/v2\/tags?post=43441"}],"curies":[{"name":"wp","href":"https:\/\/api.w.org\/{rel}","templated":true}]}}