{"id":4342,"date":"2019-05-17T14:54:43","date_gmt":"2019-05-17T14:54:43","guid":{"rendered":"http:\/\/www.radiopresidenteibanez.cl\/web\/?p=4342"},"modified":"2019-05-17T14:55:18","modified_gmt":"2019-05-17T14:55:18","slug":"concejal-german-flores-el-estadio-fiscal-que-hoy-esta-inutilizado-puede-ser-un-espacio-deportivo-y-recreativo-dedicado-a-nuestros-jovenes","status":"publish","type":"post","link":"https:\/\/www.radiopresidenteibanez.cl\/web\/concejal-german-flores-el-estadio-fiscal-que-hoy-esta-inutilizado-puede-ser-un-espacio-deportivo-y-recreativo-dedicado-a-nuestros-jovenes\/","title":{"rendered":"CONCEJAL GERMAN FLORES: \u201cEL ESTADIO FISCAL QUE  HOY EST\u00c1 INUTILIZADO PUEDE SER UN ESPACIO DEPORTIVO Y RECREATIVO DEDICADO A NUESTROS J\u00d3VENES\u201d"},"content":{"rendered":"\n<p>Solicitar en comodato el estadio fiscal de Punta\nArenas para destinarlo al deporte y a la recreaci\u00f3n escolar de la comuna, fue\nla iniciativa propuesta por el concejal Germ\u00e1n Flores en la \u00faltima sesi\u00f3n del\nconcejo, ocasi\u00f3n en la cual plante\u00f3 que esta puede ser una gran oportunidad\npara entregarles a los j\u00f3venes un lugar de esparcimiento que hoy no tienen.<\/p>\n\n\n\n<p>\u201cEl deporte es salud y crea grandes valores y a su\nvez permite secar a los j\u00f3venes de la ociosidad, pero para ello debemos\nentregarles las herramientas y los espacios que se merecen, lamentablemente hoy\ncomo municipalidad no contamos con recintos deportivos que nos permitan avanzar\nhacia una pol\u00edtica deportiva destinada a nuestros estudiantes\u201d, se\u00f1al\u00f3 el\nconcejal Flores. <\/p>\n\n\n\n<p>Luego dijo que desde hace varios a\u00f1os el estadio\nfiscal est\u00e1 pr\u00e1cticamente inutilizado, salvo la ocupaci\u00f3n que tuvo para los\nJuego de La Araucan\u00eda. Desde ese momento no hay actividades deportivas ni\nrecreativas. Entonces, \u201cpor&nbsp; qu\u00e9 no lo\nsolicitamos para nuestra administraci\u00f3n e implementamos un desarrollo\ndeportivo, donde nuestros colegios a trav\u00e9s de sus estudiantes tengan\nactividades deportivas, formativas, competitivas al aire libre, como el\natletismo, el f\u00fatbol y otras disciplinas\u201d, agreg\u00f3.<\/p>\n\n\n\n<p>Seg\u00fan explica el concejal Germ\u00e1n Flores, quien es\npresidente de la Comisi\u00f3n de Deportes en el concejo, su propuesta nace, entre\notras razones, por el \u201cPlan Elige Vivir sin Droga\u201d que incorpora a la comuna de\nPunta Arenas, plan preventivo en el consumo de alcohol y droga orientado\nespecialmente&nbsp; a los j\u00f3venes, basado en\nel exitoso modelo island\u00e9s, el cual tiene en uno de sus ejes, una mejor oferta\np\u00fablica para que tanto ni\u00f1os y adolescentes tengan m\u00e1s y mejores oportunidades\ndeportivas, culturales, recreativas y comunitarias a las cuales poder dedicar\nsu tiempo libre.<\/p>\n\n\n\n<p>\u201cSeg\u00fan los datos estad\u00edsticos sobre el consumo de\nalcohol y droga en nuestros j\u00f3venes estudiantes de la comuna, estamos sobre la\nmedia nacional y eso es preocupantes. Pero qu\u00e9 estamos haciendo por ellos, c\u00f3mo\nlos ayudamos para sacarlos de las esquinas o de la Plaza de Armas, qu\u00e9 les\nofrecemos. Por qu\u00e9 en vez de tener un recinto deportivo inutilizado, no lo\naprovechamos y les damos una oportunidad a nuestros j\u00f3venes\u201d, se pregunta.<\/p>\n\n\n\n<p>Finalmente el concejal Flores dijo que espera que las gestiones puedan dar sus frutos y de paso\u00a0 agradeci\u00f3 a los concejales y al alcalde por el acuerdo alcanzado, que permitir\u00e1 solicitar \u00a0el comodato del estadio fiscal a nombre de la Municipalidad de Punta Arenas.<\/p>\n\n\n\n<figure class=\"wp-block-image\"><img loading=\"lazy\" decoding=\"async\" width=\"677\" height=\"400\" src=\"https:\/\/www.radiopresidenteibanez.cl\/web\/wp-content\/uploads\/2019\/05\/ESTADIO-FISCAL.jpg\" alt=\"\" class=\"wp-image-4343\" srcset=\"https:\/\/www.radiopresidenteibanez.cl\/web\/wp-content\/uploads\/2019\/05\/ESTADIO-FISCAL.jpg 677w, https:\/\/www.radiopresidenteibanez.cl\/web\/wp-content\/uploads\/2019\/05\/ESTADIO-FISCAL-300x177.jpg 300w\" sizes=\"auto, (max-width: 677px) 100vw, 677px\" \/><\/figure>\n","protected":false},"excerpt":{"rendered":"<p>Solicitar en comodato el estadio fiscal de Punta Arenas para destinarlo al deporte y a la recreaci\u00f3n escolar de la comuna, fue la iniciativa propuesta por el concejal Germ\u00e1n Flores&#8230; <a class=\"read-more\" href=\"https:\/\/www.radiopresidenteibanez.cl\/web\/concejal-german-flores-el-estadio-fiscal-que-hoy-esta-inutilizado-puede-ser-un-espacio-deportivo-y-recreativo-dedicado-a-nuestros-jovenes\/\">Leer m\u00e1s<\/a><\/p>\n","protected":false},"author":2,"featured_media":4343,"comment_status":"closed","ping_status":"closed","sticky":false,"template":"","format":"standard","meta":{"footnotes":""},"categories":[1],"tags":[],"class_list":["post-4342","post","type-post","status-publish","format-standard","has-post-thumbnail","hentry","category-cronica"],"_links":{"self":[{"href":"https:\/\/www.radiopresidenteibanez.cl\/web\/wp-json\/wp\/v2\/posts\/4342","targetHints":{"allow":["GET"]}}],"collection":[{"href":"https:\/\/www.radiopresidenteibanez.cl\/web\/wp-json\/wp\/v2\/posts"}],"about":[{"href":"https:\/\/www.radiopresidenteibanez.cl\/web\/wp-json\/wp\/v2\/types\/post"}],"author":[{"embeddable":true,"href":"https:\/\/www.radiopresidenteibanez.cl\/web\/wp-json\/wp\/v2\/users\/2"}],"replies":[{"embeddable":true,"href":"https:\/\/www.radiopresidenteibanez.cl\/web\/wp-json\/wp\/v2\/comments?post=4342"}],"version-history":[{"count":0,"href":"https:\/\/www.radiopresidenteibanez.cl\/web\/wp-json\/wp\/v2\/posts\/4342\/revisions"}],"wp:featuredmedia":[{"embeddable":true,"href":"https:\/\/www.radiopresidenteibanez.cl\/web\/wp-json\/wp\/v2\/media\/4343"}],"wp:attachment":[{"href":"https:\/\/www.radiopresidenteibanez.cl\/web\/wp-json\/wp\/v2\/media?parent=4342"}],"wp:term":[{"taxonomy":"category","embeddable":true,"href":"https:\/\/www.radiopresidenteibanez.cl\/web\/wp-json\/wp\/v2\/categories?post=4342"},{"taxonomy":"post_tag","embeddable":true,"href":"https:\/\/www.radiopresidenteibanez.cl\/web\/wp-json\/wp\/v2\/tags?post=4342"}],"curies":[{"name":"wp","href":"https:\/\/api.w.org\/{rel}","templated":true}]}}