{"id":43398,"date":"2023-09-30T10:37:00","date_gmt":"2023-09-30T13:37:00","guid":{"rendered":"https:\/\/www.radiopresidenteibanez.cl\/web\/?p=43398"},"modified":"2023-10-16T10:45:22","modified_gmt":"2023-10-16T13:45:22","slug":"senador-kusanovic-cuestiono-a-autoridades-por-excusas-en-el-retraso-de-reglamentos-del-estatuto-chileno-antartico","status":"publish","type":"post","link":"https:\/\/www.radiopresidenteibanez.cl\/web\/senador-kusanovic-cuestiono-a-autoridades-por-excusas-en-el-retraso-de-reglamentos-del-estatuto-chileno-antartico\/","title":{"rendered":"Senador Kusanovic cuestion\u00f3 a autoridades por excusas en el retraso de reglamentos del Estatuto Chileno Ant\u00e1rtico"},"content":{"rendered":"\n<p>Con la presencia de importante autoridades y representantes ministeriales se llev\u00f3 a cabo la sesi\u00f3n especial, solicitada por el senador Alejandro Kusanovic, para que dieran cuenta de los motivos y circunstancias que han retrasado&nbsp; la publicaci\u00f3n de los reglamentos para poner en marcha el Estatuto Chileno Ant\u00e1rtico.<\/p>\n\n\n\n<p>En la sesi\u00f3n, el parlamentario cuestion\u00f3 a las autoridades, catalogando su actuar de \u201cnegligentes\u201d y alertando que \u201ccuando se dicta una ley, debe ser cumplida, sobre todo en un tema tan importante como es la soberan\u00eda de Chile sobre el territorio antartico\u201d. \u201cTenemos que tener seriedad, no nos podemos atrasar, no hay justificaci\u00f3n en eso y nadie recibe ninguna sanci\u00f3n\u201d, emplaz\u00f3 el congresista.<\/p>\n\n\n\n<p>Asimismo, Kusanovic detall\u00f3 que \u201ces muy complejo organizar expediciones y el trabajo de campo, porque las instituciones se pasan los papeles unas a otras y eso genera gran confusi\u00f3n\u201d. A juicio de Kusanovic, \u201cno hay una coordinaci\u00f3n simplificada entre la Canciller\u00eda y el Ministerio de Defensa, que son los operadores ant\u00e1rticos nacionales\u201d.<\/p>\n\n\n\n<p>En ese sentido, el integrante de la comisi\u00f3n de Zonas Extremas manifest\u00f3 que \u201ctampoco hay evaluaci\u00f3n ambiental, porque no hay reglamento y nadie sabe qu\u00e9 hacer. Un gran desorden que debilita nuestra presencia y derechos\u201d, finaliz\u00f3 Kusanovic.<\/p>\n","protected":false},"excerpt":{"rendered":"<p>Con la presencia de importante autoridades y representantes ministeriales se llev\u00f3 a cabo la sesi\u00f3n especial, solicitada por el senador Alejandro Kusanovic, para que dieran cuenta de los motivos y&#8230; <a class=\"read-more\" href=\"https:\/\/www.radiopresidenteibanez.cl\/web\/senador-kusanovic-cuestiono-a-autoridades-por-excusas-en-el-retraso-de-reglamentos-del-estatuto-chileno-antartico\/\">Leer m\u00e1s<\/a><\/p>\n","protected":false},"author":2,"featured_media":43399,"comment_status":"closed","ping_status":"closed","sticky":false,"template":"","format":"standard","meta":{"footnotes":""},"categories":[1],"tags":[],"class_list":["post-43398","post","type-post","status-publish","format-standard","has-post-thumbnail","hentry","category-cronica"],"_links":{"self":[{"href":"https:\/\/www.radiopresidenteibanez.cl\/web\/wp-json\/wp\/v2\/posts\/43398","targetHints":{"allow":["GET"]}}],"collection":[{"href":"https:\/\/www.radiopresidenteibanez.cl\/web\/wp-json\/wp\/v2\/posts"}],"about":[{"href":"https:\/\/www.radiopresidenteibanez.cl\/web\/wp-json\/wp\/v2\/types\/post"}],"author":[{"embeddable":true,"href":"https:\/\/www.radiopresidenteibanez.cl\/web\/wp-json\/wp\/v2\/users\/2"}],"replies":[{"embeddable":true,"href":"https:\/\/www.radiopresidenteibanez.cl\/web\/wp-json\/wp\/v2\/comments?post=43398"}],"version-history":[{"count":0,"href":"https:\/\/www.radiopresidenteibanez.cl\/web\/wp-json\/wp\/v2\/posts\/43398\/revisions"}],"wp:featuredmedia":[{"embeddable":true,"href":"https:\/\/www.radiopresidenteibanez.cl\/web\/wp-json\/wp\/v2\/media\/43399"}],"wp:attachment":[{"href":"https:\/\/www.radiopresidenteibanez.cl\/web\/wp-json\/wp\/v2\/media?parent=43398"}],"wp:term":[{"taxonomy":"category","embeddable":true,"href":"https:\/\/www.radiopresidenteibanez.cl\/web\/wp-json\/wp\/v2\/categories?post=43398"},{"taxonomy":"post_tag","embeddable":true,"href":"https:\/\/www.radiopresidenteibanez.cl\/web\/wp-json\/wp\/v2\/tags?post=43398"}],"curies":[{"name":"wp","href":"https:\/\/api.w.org\/{rel}","templated":true}]}}