{"id":43393,"date":"2023-10-13T10:16:00","date_gmt":"2023-10-13T13:16:00","guid":{"rendered":"https:\/\/www.radiopresidenteibanez.cl\/web\/?p=43393"},"modified":"2023-10-16T10:24:33","modified_gmt":"2023-10-16T13:24:33","slug":"senador-kusanovic-indignado-por-crisis-acuicola","status":"publish","type":"post","link":"https:\/\/www.radiopresidenteibanez.cl\/web\/senador-kusanovic-indignado-por-crisis-acuicola\/","title":{"rendered":"SENADOR KUSANOVIC INDIGNADO POR CRISIS ACUICOLA"},"content":{"rendered":"\n<p>Ante la compleja situaci\u00f3n que est\u00e1 atravesando la industria salmonera en la regi\u00f3n, el<br>senador por Magallanes, Alejandro Kusanovic, indignado se cuestionaba \u201cc\u00f3mo es posible<br>destruir irresponsablemente la industria m\u00e1s importante de Magallanes, que representa<br>m\u00e1s del 24% del PIB regional\u201d.<br>El escenario es cada vez m\u00e1s complicado para las salmoneras de la regi\u00f3n con el cese de<br>operaciones de la Planta \u00c1lvarez, en la comuna de Natales, y el cese de la Planta Torres del<br>Paine, en la ciudad de Punta Arenas, las que han dejado cientos de desempleados, lo que<br>se suma a la crisis que est\u00e1 atravesando NovaAustral y los continuos retrasos de la<br>autoridad para aprobar nuevas concesiones, existiendo mas de 68 solicitudes en tr\u00e1mite y<br>cuya aprobaci\u00f3n podr\u00eda tardar a\u00f1os, debido a la necesidad que el nuevo Servicio de<br>Biodiversidad (\u00f3rgano que reemplazara a CONAF) genere los respectivos planes de<br>manejo, tal como lo ha expresado en las ultimas semanas la ministra de Medio Ambiente,<br>Maisa Rojas.<br>Para Kusanovic, este escenario es completa responsabilidad de las autoridades, \u201choy la<br>salmonicultura es una industria asfixiada, que no tiene oportunidades de mejorar cuando<br>no te permiten relocalizar las concesiones in\u00fatiles y al no contar con nuevas, genera que<br>se vayan al l\u00edmite de la capacidad de las que hoy son aptas, con el serio riesgo de<br>sobreproducci\u00f3n. Por lo que hay una evidente persecuci\u00f3n que est\u00e1 provocando la<br>destrucci\u00f3n de la industria, del cual este Gobierno ser\u00e1 el responsable.\u201d<\/p>\n","protected":false},"excerpt":{"rendered":"<p>Ante la compleja situaci\u00f3n que est\u00e1 atravesando la industria salmonera en la regi\u00f3n, elsenador por Magallanes, Alejandro Kusanovic, indignado se cuestionaba \u201cc\u00f3mo es posibledestruir irresponsablemente la industria m\u00e1s importante de&#8230; <a class=\"read-more\" href=\"https:\/\/www.radiopresidenteibanez.cl\/web\/senador-kusanovic-indignado-por-crisis-acuicola\/\">Leer m\u00e1s<\/a><\/p>\n","protected":false},"author":2,"featured_media":43241,"comment_status":"closed","ping_status":"closed","sticky":false,"template":"","format":"standard","meta":{"footnotes":""},"categories":[1],"tags":[],"class_list":["post-43393","post","type-post","status-publish","format-standard","has-post-thumbnail","hentry","category-cronica"],"_links":{"self":[{"href":"https:\/\/www.radiopresidenteibanez.cl\/web\/wp-json\/wp\/v2\/posts\/43393","targetHints":{"allow":["GET"]}}],"collection":[{"href":"https:\/\/www.radiopresidenteibanez.cl\/web\/wp-json\/wp\/v2\/posts"}],"about":[{"href":"https:\/\/www.radiopresidenteibanez.cl\/web\/wp-json\/wp\/v2\/types\/post"}],"author":[{"embeddable":true,"href":"https:\/\/www.radiopresidenteibanez.cl\/web\/wp-json\/wp\/v2\/users\/2"}],"replies":[{"embeddable":true,"href":"https:\/\/www.radiopresidenteibanez.cl\/web\/wp-json\/wp\/v2\/comments?post=43393"}],"version-history":[{"count":0,"href":"https:\/\/www.radiopresidenteibanez.cl\/web\/wp-json\/wp\/v2\/posts\/43393\/revisions"}],"wp:featuredmedia":[{"embeddable":true,"href":"https:\/\/www.radiopresidenteibanez.cl\/web\/wp-json\/wp\/v2\/media\/43241"}],"wp:attachment":[{"href":"https:\/\/www.radiopresidenteibanez.cl\/web\/wp-json\/wp\/v2\/media?parent=43393"}],"wp:term":[{"taxonomy":"category","embeddable":true,"href":"https:\/\/www.radiopresidenteibanez.cl\/web\/wp-json\/wp\/v2\/categories?post=43393"},{"taxonomy":"post_tag","embeddable":true,"href":"https:\/\/www.radiopresidenteibanez.cl\/web\/wp-json\/wp\/v2\/tags?post=43393"}],"curies":[{"name":"wp","href":"https:\/\/api.w.org\/{rel}","templated":true}]}}