{"id":4339,"date":"2019-05-17T00:21:29","date_gmt":"2019-05-17T00:21:29","guid":{"rendered":"http:\/\/www.radiopresidenteibanez.cl\/web\/?p=4339"},"modified":"2019-05-17T00:22:03","modified_gmt":"2019-05-17T00:22:03","slug":"alumnos-y-apoderados-limpiaron-el-liceo-luis-alberto-barrera-luego-de-la-toma-del-pasado-miercoles","status":"publish","type":"post","link":"https:\/\/www.radiopresidenteibanez.cl\/web\/alumnos-y-apoderados-limpiaron-el-liceo-luis-alberto-barrera-luego-de-la-toma-del-pasado-miercoles\/","title":{"rendered":"ALUMNOS Y APODERADOS LIMPIARON EL LICEO LUIS ALBERTO BARRERA LUEGO DE LA TOMA DEL PASADO MI\u00c9RCOLES"},"content":{"rendered":"\n<p>Durante esta jornada un grupo de estudiantes y apoderados del Liceo Bicentenario Luis Alberto Barrera, llegaron hasta el establecimiento para reordenar el recinto, limpiar y colaborar en lo que fuera necesario para que este viernes se retomen las clases de manera normal, raz\u00f3n por la cual el alcalde Claudio Radonich lleg\u00f3 hasta el lugar para felicitarlos y destacar el compromiso de toda la comunidad educativa del Colegio.<\/p>\n\n\n\n<p>\u201cLuego de la toma realizada por una decena de alumnos del Liceo Luis Alberto Barrera, nos encontramos con una serie de destrozos, por lo que quiero agradecer al Centro de Alumnos, Centro de Padres y los distintos apoderados que han colaborado junto a los funcionarios para poder limpiar y ordenar su colegio\u201d, recalc\u00f3 la autoridad comunal.<\/p>\n\n\n\n<p>En tanto, el director del establecimiento Jos\u00e9 Mart\u00ednez, agradeci\u00f3 a las cerca de 80 personas, entre estudiantes, padres y apoderados del Liceo, que llegaron voluntariamente hasta el lugar, para ayudar en las tareas de limpieza principalmente.<\/p>\n\n\n\n<p>En ese sentido, Radonich explic\u00f3 que \u201cel tema objetivo que debe preocuparnos y por el cual hemos estado abocados desde el jueves pasado, es la denuncia de un eventual acoso sexual, pero que no puede abstraernos de esta acci\u00f3n de violencia que ha sido repudiada por toda la comunidad, y que signific\u00f3 da\u00f1os, raz\u00f3n por la cual agradezco a quienes han colaborado para retomar las clases como corresponde\u201d.<\/p>\n\n\n\n<p>Finalmente, el Alcalde agreg\u00f3 que \u201cel Liceo Bicentenario Luis Alberto Barrera tiene una misi\u00f3n, justamente, de ser un faro en la educaci\u00f3n humanista en nuestra comunidad, y es reconfortante saber que hay voluntad de la mayor\u00eda de los alumnos y apoderados, para lograr tal objetivo\u201d.<\/p>\n\n\n\n<figure class=\"wp-block-image\"><img loading=\"lazy\" decoding=\"async\" width=\"900\" height=\"594\" src=\"https:\/\/www.radiopresidenteibanez.cl\/web\/wp-content\/uploads\/2019\/05\/Barrera6.jpg\" alt=\"\" class=\"wp-image-4340\" srcset=\"https:\/\/www.radiopresidenteibanez.cl\/web\/wp-content\/uploads\/2019\/05\/Barrera6.jpg 900w, https:\/\/www.radiopresidenteibanez.cl\/web\/wp-content\/uploads\/2019\/05\/Barrera6-300x198.jpg 300w, https:\/\/www.radiopresidenteibanez.cl\/web\/wp-content\/uploads\/2019\/05\/Barrera6-768x507.jpg 768w\" sizes=\"auto, (max-width: 900px) 100vw, 900px\" \/><\/figure>\n","protected":false},"excerpt":{"rendered":"<p>Durante esta jornada un grupo de estudiantes y apoderados del Liceo Bicentenario Luis Alberto Barrera, llegaron hasta el establecimiento para reordenar el recinto, limpiar y colaborar en lo que fuera&#8230; <a class=\"read-more\" href=\"https:\/\/www.radiopresidenteibanez.cl\/web\/alumnos-y-apoderados-limpiaron-el-liceo-luis-alberto-barrera-luego-de-la-toma-del-pasado-miercoles\/\">Leer m\u00e1s<\/a><\/p>\n","protected":false},"author":2,"featured_media":4340,"comment_status":"closed","ping_status":"closed","sticky":false,"template":"","format":"standard","meta":{"footnotes":""},"categories":[1],"tags":[],"class_list":["post-4339","post","type-post","status-publish","format-standard","has-post-thumbnail","hentry","category-cronica"],"_links":{"self":[{"href":"https:\/\/www.radiopresidenteibanez.cl\/web\/wp-json\/wp\/v2\/posts\/4339","targetHints":{"allow":["GET"]}}],"collection":[{"href":"https:\/\/www.radiopresidenteibanez.cl\/web\/wp-json\/wp\/v2\/posts"}],"about":[{"href":"https:\/\/www.radiopresidenteibanez.cl\/web\/wp-json\/wp\/v2\/types\/post"}],"author":[{"embeddable":true,"href":"https:\/\/www.radiopresidenteibanez.cl\/web\/wp-json\/wp\/v2\/users\/2"}],"replies":[{"embeddable":true,"href":"https:\/\/www.radiopresidenteibanez.cl\/web\/wp-json\/wp\/v2\/comments?post=4339"}],"version-history":[{"count":0,"href":"https:\/\/www.radiopresidenteibanez.cl\/web\/wp-json\/wp\/v2\/posts\/4339\/revisions"}],"wp:featuredmedia":[{"embeddable":true,"href":"https:\/\/www.radiopresidenteibanez.cl\/web\/wp-json\/wp\/v2\/media\/4340"}],"wp:attachment":[{"href":"https:\/\/www.radiopresidenteibanez.cl\/web\/wp-json\/wp\/v2\/media?parent=4339"}],"wp:term":[{"taxonomy":"category","embeddable":true,"href":"https:\/\/www.radiopresidenteibanez.cl\/web\/wp-json\/wp\/v2\/categories?post=4339"},{"taxonomy":"post_tag","embeddable":true,"href":"https:\/\/www.radiopresidenteibanez.cl\/web\/wp-json\/wp\/v2\/tags?post=4339"}],"curies":[{"name":"wp","href":"https:\/\/api.w.org\/{rel}","templated":true}]}}