{"id":43387,"date":"2023-10-16T12:43:00","date_gmt":"2023-10-16T15:43:00","guid":{"rendered":"https:\/\/www.radiopresidenteibanez.cl\/web\/?p=43387"},"modified":"2023-10-16T08:55:59","modified_gmt":"2023-10-16T11:55:59","slug":"aplausos-y-flores-para-el-gran-carnaval-del-jardin","status":"publish","type":"post","link":"https:\/\/www.radiopresidenteibanez.cl\/web\/aplausos-y-flores-para-el-gran-carnaval-del-jardin\/","title":{"rendered":"APLAUSOS Y FLORES PARA EL GRAN CARNAVAL DEL JARDIN"},"content":{"rendered":"\n<p>Con dos puestas en escena y una masiva asistencia, concluy\u00f3 en Punta Arenas la gira de la compa\u00f1\u00eda Otroarte por la regi\u00f3n de Magallanes. Este s\u00e1bado, ni\u00f1as, ni\u00f1os, j\u00f3venes y adultos disfrutaron la obra \u00abEl gran Carnaval del Jard\u00edn\u00bb, que se present\u00f3 en dependencias del gimnasio de la Confederaci\u00f3n Deportiva.<br>El montaje, de gran formato y con una llamativa propuesta de colores y personajes, recorri\u00f3 desde el martes 10 de octubre las provincias de \u00daltima Esperanza, Tierra del Fuego y Magallanes. La exitosa itinerancia moviliz\u00f3 a m\u00e1s de 1800 personas en cuatro funciones, gan\u00e1ndose con creces aplausos y elogios.<br>\u201cMe encant\u00f3. Esta obra es muy bonita; es como m\u00e1gica. Me gustar\u00eda que se volviera a repetir\u201d, dijo Valentina, de siete a\u00f1os de edad, interpretando el sentir de cientos de ni\u00f1as y ni\u00f1os que se maravillaron con el espect\u00e1culo. \u201cLa obra me pareci\u00f3 muy buena. La encontr\u00e9 entretenida\u201d, agreg\u00f3 Julieta, de 10 a\u00f1os, quien tambi\u00e9n asisti\u00f3 a la funci\u00f3n en la capital regional.<br>La obra, cuya tem\u00e1tica se centra en el cuidado medioambiental, logr\u00f3 la conexi\u00f3n con la audiencia en cada uno de los escenarios que visit\u00f3. Acrobacias, m\u00fasica en vivo, danza y teatro, a cargo de trece actrices y actores generaron una din\u00e1mica de interacci\u00f3n c\u00e1lida y cercana con el p\u00fablico.<br>\u201cEstamos muy contentos con el balance de estas jornadas. Muy contentos por la<br>convocatoria que tuvieron las funciones y tambi\u00e9n por la participaci\u00f3n y el<br>respeto que tuvimos de parte del p\u00fablico. Se agradece mucho que el p\u00fablico<br>llegue a la hora, que entienda el mensaje que llevamos a todas partes. Los ni\u00f1as<br>y ni\u00f1as participaron mucho y estamos contentos por la interacci\u00f3n y reacci\u00f3n del<\/p>\n\n\n\n<p>p\u00fablico frente a la obra. Y por supuesto, muy agradecidos de Culturas Magallanes<br>(Seremi), porque ha podido hacer que todo esto funcione al cien por ciento\u201d,<br>manifest\u00f3 el director del elenco Francisco Guajardo, quien adem\u00e1s explic\u00f3 que la<br>idea del gui\u00f3n naci\u00f3 tras un viaje que efectu\u00f3 a las Torres del Paine.<br>\u201cEl gran Carnaval del Jard\u00edn\u00bb lleg\u00f3 a la regi\u00f3n gracias al financiamiento del<br>Ministerio de las Culturas, las Artes el Patrimonio, a trav\u00e9s del programa<br>Fortalecimiento de la Identidad Cultural Regional. Adem\u00e1s, en Puerto Natales y<br>Porvenir, cont\u00f3 con la colaboraci\u00f3n de los municipios locales.<br>\u201cEste tremendo espect\u00e1culo cumpli\u00f3 con todas las expectativas que ten\u00edamos<br>previo a su llegada. El p\u00fablico, tanto en Puerto Natales, Porvenir y en la doble<br>funci\u00f3n de ac\u00e1 de Punta Arenas, respondi\u00f3 a esa expectativa. Estamos muy<br>contentos, no s\u00f3lo por itinerar por la regi\u00f3n, sino tambi\u00e9n por transmitir a tantas<br>personas un mensaje tan relevante hoy en d\u00eda, como lo es el cuidado del<br>medioambiente\u201d, recalc\u00f3 el Seremi de las Culturas, Diego Garc\u00eda.<br>Los actores de \u201cEl gran Carnaval del Jard\u00edn\u201d y la Seremi de las Culturas, previo a<br>la doble funci\u00f3n desarrollada en el gimnasio de la Confederaci\u00f3n Deportiva de<br>Magallanes, dedicaron el cierre de la gira a la memoria de la artesana Lenka<br>Guisande, recientemente fallecida.<\/p>\n","protected":false},"excerpt":{"rendered":"<p>Con dos puestas en escena y una masiva asistencia, concluy\u00f3 en Punta Arenas la gira de la compa\u00f1\u00eda Otroarte por la regi\u00f3n de Magallanes. Este s\u00e1bado, ni\u00f1as, ni\u00f1os, j\u00f3venes y&#8230; <a class=\"read-more\" href=\"https:\/\/www.radiopresidenteibanez.cl\/web\/aplausos-y-flores-para-el-gran-carnaval-del-jardin\/\">Leer m\u00e1s<\/a><\/p>\n","protected":false},"author":2,"featured_media":43388,"comment_status":"closed","ping_status":"closed","sticky":false,"template":"","format":"standard","meta":{"footnotes":""},"categories":[1],"tags":[],"class_list":["post-43387","post","type-post","status-publish","format-standard","has-post-thumbnail","hentry","category-cronica"],"_links":{"self":[{"href":"https:\/\/www.radiopresidenteibanez.cl\/web\/wp-json\/wp\/v2\/posts\/43387","targetHints":{"allow":["GET"]}}],"collection":[{"href":"https:\/\/www.radiopresidenteibanez.cl\/web\/wp-json\/wp\/v2\/posts"}],"about":[{"href":"https:\/\/www.radiopresidenteibanez.cl\/web\/wp-json\/wp\/v2\/types\/post"}],"author":[{"embeddable":true,"href":"https:\/\/www.radiopresidenteibanez.cl\/web\/wp-json\/wp\/v2\/users\/2"}],"replies":[{"embeddable":true,"href":"https:\/\/www.radiopresidenteibanez.cl\/web\/wp-json\/wp\/v2\/comments?post=43387"}],"version-history":[{"count":0,"href":"https:\/\/www.radiopresidenteibanez.cl\/web\/wp-json\/wp\/v2\/posts\/43387\/revisions"}],"wp:featuredmedia":[{"embeddable":true,"href":"https:\/\/www.radiopresidenteibanez.cl\/web\/wp-json\/wp\/v2\/media\/43388"}],"wp:attachment":[{"href":"https:\/\/www.radiopresidenteibanez.cl\/web\/wp-json\/wp\/v2\/media?parent=43387"}],"wp:term":[{"taxonomy":"category","embeddable":true,"href":"https:\/\/www.radiopresidenteibanez.cl\/web\/wp-json\/wp\/v2\/categories?post=43387"},{"taxonomy":"post_tag","embeddable":true,"href":"https:\/\/www.radiopresidenteibanez.cl\/web\/wp-json\/wp\/v2\/tags?post=43387"}],"curies":[{"name":"wp","href":"https:\/\/api.w.org\/{rel}","templated":true}]}}