{"id":43362,"date":"2023-10-15T13:03:00","date_gmt":"2023-10-15T16:03:00","guid":{"rendered":"https:\/\/www.radiopresidenteibanez.cl\/web\/?p=43362"},"modified":"2023-10-15T11:43:27","modified_gmt":"2023-10-15T14:43:27","slug":"sala-cuna-ovejitas-patagonicas-del-hospital-augusto-essmann-burgos-cumplio-6-anos-de-vida-y-lo-celebro-con-acto-conmemorativo","status":"publish","type":"post","link":"https:\/\/www.radiopresidenteibanez.cl\/web\/sala-cuna-ovejitas-patagonicas-del-hospital-augusto-essmann-burgos-cumplio-6-anos-de-vida-y-lo-celebro-con-acto-conmemorativo\/","title":{"rendered":"Sala Cuna \u201cOvejitas Patag\u00f3nicas\u201d del Hospital Augusto Essmann Burgos cumpli\u00f3 6 a\u00f1os de vida y lo celebr\u00f3 con acto conmemorativo"},"content":{"rendered":"\n<p>El servicio de Sala Cuna \u201cOvejitas Patag\u00f3nicas\u201d del Hospital Dr. Augusto<br>Essmann Burgos de Puerto Natales, celebr\u00f3 sus 6 a\u00f1os de vida al servicio de<br>los m\u00e1s peque\u00f1os con un emotivo acto que cont\u00f3 con una presentaci\u00f3n<br>art\u00edstica por parte de los alumnos, quienes desarrollaron un bello acto<br>representativo en presencia de apoderados y la comunidad hospitalaria.<br>En ese sentido, Cecilia Holbut, directora de Sala Cuna \u201cOvejitas Patag\u00f3nicas\u201d,<br>se\u00f1al\u00f3 que \u201choy estamos conmemorando 6 a\u00f1os de vida del Servicio de Sala<br>Cuna \u201cOvejitas Patag\u00f3nicas\u201d, es por ello que lo celebramos con un acto<br>conmemorativo donde estuvieron presentes funcionarios\/as que son<br>apoderados de nuestros m\u00e1s peque\u00f1os, quienes realizaron un acto<br>representativo del \u201cChavo del 8\u201d y tuvimos la posibilidad de compartir y<br>celebrar un nuevo aniversario\u201d, indic\u00f3 la directora.<br>Al finalizar, se destac\u00f3 el rol fundamental de todas las educadoras de p\u00e1rvulo<br>pertenecientes al servicio, como tambi\u00e9n la dedicaci\u00f3n y la gran labor que han<br>realizado en estos 6 a\u00f1os de vida en directo beneficio de los m\u00e1s peque\u00f1os.<\/p>\n","protected":false},"excerpt":{"rendered":"<p>El servicio de Sala Cuna \u201cOvejitas Patag\u00f3nicas\u201d del Hospital Dr. AugustoEssmann Burgos de Puerto Natales, celebr\u00f3 sus 6 a\u00f1os de vida al servicio delos m\u00e1s peque\u00f1os con un emotivo acto&#8230; <a class=\"read-more\" href=\"https:\/\/www.radiopresidenteibanez.cl\/web\/sala-cuna-ovejitas-patagonicas-del-hospital-augusto-essmann-burgos-cumplio-6-anos-de-vida-y-lo-celebro-con-acto-conmemorativo\/\">Leer m\u00e1s<\/a><\/p>\n","protected":false},"author":2,"featured_media":43363,"comment_status":"closed","ping_status":"closed","sticky":false,"template":"","format":"standard","meta":{"footnotes":""},"categories":[1],"tags":[],"class_list":["post-43362","post","type-post","status-publish","format-standard","has-post-thumbnail","hentry","category-cronica"],"_links":{"self":[{"href":"https:\/\/www.radiopresidenteibanez.cl\/web\/wp-json\/wp\/v2\/posts\/43362","targetHints":{"allow":["GET"]}}],"collection":[{"href":"https:\/\/www.radiopresidenteibanez.cl\/web\/wp-json\/wp\/v2\/posts"}],"about":[{"href":"https:\/\/www.radiopresidenteibanez.cl\/web\/wp-json\/wp\/v2\/types\/post"}],"author":[{"embeddable":true,"href":"https:\/\/www.radiopresidenteibanez.cl\/web\/wp-json\/wp\/v2\/users\/2"}],"replies":[{"embeddable":true,"href":"https:\/\/www.radiopresidenteibanez.cl\/web\/wp-json\/wp\/v2\/comments?post=43362"}],"version-history":[{"count":0,"href":"https:\/\/www.radiopresidenteibanez.cl\/web\/wp-json\/wp\/v2\/posts\/43362\/revisions"}],"wp:featuredmedia":[{"embeddable":true,"href":"https:\/\/www.radiopresidenteibanez.cl\/web\/wp-json\/wp\/v2\/media\/43363"}],"wp:attachment":[{"href":"https:\/\/www.radiopresidenteibanez.cl\/web\/wp-json\/wp\/v2\/media?parent=43362"}],"wp:term":[{"taxonomy":"category","embeddable":true,"href":"https:\/\/www.radiopresidenteibanez.cl\/web\/wp-json\/wp\/v2\/categories?post=43362"},{"taxonomy":"post_tag","embeddable":true,"href":"https:\/\/www.radiopresidenteibanez.cl\/web\/wp-json\/wp\/v2\/tags?post=43362"}],"curies":[{"name":"wp","href":"https:\/\/api.w.org\/{rel}","templated":true}]}}