{"id":43356,"date":"2023-10-13T13:32:55","date_gmt":"2023-10-13T16:32:55","guid":{"rendered":"https:\/\/www.radiopresidenteibanez.cl\/web\/?p=43356"},"modified":"2023-10-13T13:33:10","modified_gmt":"2023-10-13T16:33:10","slug":"cierre-de-tv-red","status":"publish","type":"post","link":"https:\/\/www.radiopresidenteibanez.cl\/web\/cierre-de-tv-red\/","title":{"rendered":"CIERRE DE TV RED"},"content":{"rendered":"\n<p>Luego de un extenso an\u00e1lisis y grandes esfuerzos, lamentamos informar a la comunidad que TV Red<br>S.A. prestar\u00e1 su servicio de televisi\u00f3n por cable hasta el 30 de noviembre de 2023.<br>Se trata de la decisi\u00f3n m\u00e1s compleja y dolorosa que ha debido tomar la Compa\u00f1\u00eda durante los<br>\u00faltimos a\u00f1os. Pero como toda empresa, est\u00e1 expuesta al contexto global y una de sus principales<br>responsabilidades es la sostenibilidad del negocio.<br>La decisi\u00f3n es consecuencia de un escenario cada vez m\u00e1s complejo, debido principalmente a tres<br>factores:<\/p>\n\n\n\n<ul class=\"wp-block-list\">\n<li>El crecimiento explosivo, tanto en la oferta como en la demanda de las plataformas de<br>Streaming, lo que ha impactado a nivel mundial a la industria de la televisi\u00f3n por cable.<\/li>\n\n\n\n<li>La ca\u00edda sostenida en la tasa de suscriptores, llegando al m\u00e1s bajo de los \u00faltimos a\u00f1os.<\/li>\n\n\n\n<li>El incremento de costos de proveedores de se\u00f1ales impactados, principalmente, por el alza<br>del d\u00f3lar.<br>Los trabajadores de TV Red S.A. ya fueron informados de la medida y solo queda agradecerles<br>profundamente su entrega, compromiso y trabajo. Ellos han sido un pilar fundamental en la historia<br>de la Compa\u00f1\u00eda y lamentablemente, esta decisi\u00f3n ha sido consecuencia de factores que ni ellos ni<br>la empresa pudieron controlar.<br>TV Red S.A. se har\u00e1 cargo de cumplir todos sus compromisos, tanto con sus trabajadores como con<br>sus proveedores, as\u00ed como tambi\u00e9n del desmantelamiento total de su red, informaci\u00f3n que ha sido<br>transmitida en cada una de las reuniones que se han sostenido con las autoridades locales.<br>Pr\u00f3ximamente entregaremos mayor informaci\u00f3n a nuestros clientes, asociado al t\u00e9rmino del<br>servicio aqu\u00ed anunciado.<br>Manifestamos nuestro sincero agradecimiento a los productores de contenido, y a cada uno de<br>nuestros clientes que, a lo largo de estos 33 a\u00f1os de historia, confiaron en TV Red para llevar a sus<br>hogares magall\u00e1nicos contenido informativo, educacional y de entretenimiento.<\/li>\n<\/ul>\n\n\n\n<p>Atentamente,<br>TV RED S.A.<\/p>\n","protected":false},"excerpt":{"rendered":"<p>Luego de un extenso an\u00e1lisis y grandes esfuerzos, lamentamos informar a la comunidad que TV RedS.A. prestar\u00e1 su servicio de televisi\u00f3n por cable hasta el 30 de noviembre de 2023.Se&#8230; <a class=\"read-more\" href=\"https:\/\/www.radiopresidenteibanez.cl\/web\/cierre-de-tv-red\/\">Leer m\u00e1s<\/a><\/p>\n","protected":false},"author":2,"featured_media":43357,"comment_status":"closed","ping_status":"closed","sticky":false,"template":"","format":"standard","meta":{"footnotes":""},"categories":[1],"tags":[],"class_list":["post-43356","post","type-post","status-publish","format-standard","has-post-thumbnail","hentry","category-cronica"],"_links":{"self":[{"href":"https:\/\/www.radiopresidenteibanez.cl\/web\/wp-json\/wp\/v2\/posts\/43356","targetHints":{"allow":["GET"]}}],"collection":[{"href":"https:\/\/www.radiopresidenteibanez.cl\/web\/wp-json\/wp\/v2\/posts"}],"about":[{"href":"https:\/\/www.radiopresidenteibanez.cl\/web\/wp-json\/wp\/v2\/types\/post"}],"author":[{"embeddable":true,"href":"https:\/\/www.radiopresidenteibanez.cl\/web\/wp-json\/wp\/v2\/users\/2"}],"replies":[{"embeddable":true,"href":"https:\/\/www.radiopresidenteibanez.cl\/web\/wp-json\/wp\/v2\/comments?post=43356"}],"version-history":[{"count":0,"href":"https:\/\/www.radiopresidenteibanez.cl\/web\/wp-json\/wp\/v2\/posts\/43356\/revisions"}],"wp:featuredmedia":[{"embeddable":true,"href":"https:\/\/www.radiopresidenteibanez.cl\/web\/wp-json\/wp\/v2\/media\/43357"}],"wp:attachment":[{"href":"https:\/\/www.radiopresidenteibanez.cl\/web\/wp-json\/wp\/v2\/media?parent=43356"}],"wp:term":[{"taxonomy":"category","embeddable":true,"href":"https:\/\/www.radiopresidenteibanez.cl\/web\/wp-json\/wp\/v2\/categories?post=43356"},{"taxonomy":"post_tag","embeddable":true,"href":"https:\/\/www.radiopresidenteibanez.cl\/web\/wp-json\/wp\/v2\/tags?post=43356"}],"curies":[{"name":"wp","href":"https:\/\/api.w.org\/{rel}","templated":true}]}}