{"id":43352,"date":"2023-10-13T16:37:00","date_gmt":"2023-10-13T19:37:00","guid":{"rendered":"https:\/\/www.radiopresidenteibanez.cl\/web\/?p=43352"},"modified":"2023-10-13T10:32:52","modified_gmt":"2023-10-13T13:32:52","slug":"ondamedia-suma-a-su-catalogo-la-pelicula-magallanico-cacique-mulato","status":"publish","type":"post","link":"https:\/\/www.radiopresidenteibanez.cl\/web\/ondamedia-suma-a-su-catalogo-la-pelicula-magallanico-cacique-mulato\/","title":{"rendered":"ONDAMEDIA SUMA A SU CATALOGO LA PELICULA MAGALLANICO CACIQUE MULATO"},"content":{"rendered":"\n<p>La realizaci\u00f3n magall\u00e1nica \u201cCacique Mulato, la leyenda de Chumjaluwun\u201d, se<br>suma al cat\u00e1logo de OndaMedia, la plataforma de cine chileno del Ministerio de<br>las Culturas, las Artes y el Patrimonio.<br>La cinta, dirigida por el cineasta Jorge Grez y que acaba de exhibirse en el<br>Festival Internacional de Cine Ethnokino en Berna, Suiza, donde fue bien<br>evaluada por cr\u00edtica especializada, se podr\u00e1 ver en l\u00ednea y de manera gratuita, a<br>partir de este viernes 13 de octubre.<br>\u201cEstamos muy contentos como Corporaci\u00f3n de Cine Magallanes porque nuestra<br>pel\u00edcula Cacique Mulato, luego de un viaje incre\u00edble a Suiza, donde se estuvo<br>estrenando, ahora va a ser parte de la cartelera de Ondamedia.cl&nbsp;un sitio de cine<br>chileno. Estamos muy orgullosos y muy contentos, porque adem\u00e1s se ver\u00e1 en<br>todo Chile y el extranjero el trabajo que hicimos. Esto habla de las ganas que<br>tenemos de seguir mostrando nuestra Patagonia, de seguir entregando un cine<br>magall\u00e1nico, sin fines de lucro y con una conexi\u00f3n absoluta con el habitante de<br>nuestra zona\u201d, coment\u00f3 Grez.<br>Cacique Mulato, un proyecto regional, comunitario, colaborativo y sin fines de<br>lucro, llega a este cat\u00e1logo gratuito en&nbsp;www.ondamedia.cl. App disponible para<br>Smart TV Samsung y LG o para dispositivos m\u00f3viles con sistema IOS y Android,<br>gracias a una iniciativa de la productora de la cinta y el apoyo de la Seremi de<br>las Culturas, las Artes y el Patrimonio.<br>\u201cCelebramos y agradecemos el inter\u00e9s de la producci\u00f3n y realizadores de<br>Cacique Mulato, por compartir este notable trabajo de manera generosa con la<br>ciudadan\u00eda. Esta pel\u00edcula, no s\u00f3lo proyecta el trabajo de agentes del \u00e1rea<br>audiovisual local y personas que colaboraron en el rodaje, sino que tambi\u00e9n<br>muestra parte de la identidad regional. Es la interpretaci\u00f3n, a trav\u00e9s del cine, de<\/p>\n\n\n\n<p>lo que hemos sido y c\u00f3mo valoramos hoy a quienes han marcado la historia de<br>Magallanes\u201d, dijo el Seremi de las Culturas, Diego Garc\u00eda.<br>El productor de la pel\u00edcula Francisco D\u00edaz, junto con invitar a la ciudadan\u00eda a<br>ingresar a la plataforma para acceder a la cinta, manifest\u00f3 su satisfacci\u00f3n por<br>cumplir con uno de los objetivos trazados al iniciar el proyecto cinematogr\u00e1fico.<br>\u201cEstamos muy contentos, porque por fin la pel\u00edcula va a estar en OndaMedia,<br>accesible para todos quienes quieran verla y que es uno de los prop\u00f3sitos que<br>tuvimos cuando la hicimos: Que pueda ser vista por la mayor cantidad de gente<br>posible y de manera gratuita\u201d, precis\u00f3.<br>Cacique Mulato, una cinta que retrata la historia de pr\u00e1cticamente cien a\u00f1os de<br>la regi\u00f3n, a trav\u00e9s de la vida de \u201cChumjaluwun\u201d, cacique del pueblo Aonikenk,<br>es una producci\u00f3n cinematogr\u00e1fica que surgi\u00f3 el a\u00f1o 2016. Cont\u00f3 para su<br>realizaci\u00f3n con financiamiento del Gobierno Regional, el Ministerio Secretar\u00eda<br>General de Gobierno y el Ministerio de las Culturas, las Artes y el Patrimonio. Fue<br>impulsada por el equipo creador de UMAG TV y el Tribunal Oral en lo Penal de<br>Punta Arenas. Conform\u00f3 un equipo de colaboradores que alcanz\u00f3 a las casi 200<br>personas. Incluy\u00f3 locaciones que abarcan vastos espacios naturales de la<br>Patagonia y tambi\u00e9n edificios patrimoniales de la ciudad de Punta Arenas. Su<br>estreno oficial se efectu\u00f3 a comienzos del presente a\u00f1o.<\/p>\n","protected":false},"excerpt":{"rendered":"<p>La realizaci\u00f3n magall\u00e1nica \u201cCacique Mulato, la leyenda de Chumjaluwun\u201d, sesuma al cat\u00e1logo de OndaMedia, la plataforma de cine chileno del Ministerio delas Culturas, las Artes y el Patrimonio.La cinta, dirigida&#8230; <a class=\"read-more\" href=\"https:\/\/www.radiopresidenteibanez.cl\/web\/ondamedia-suma-a-su-catalogo-la-pelicula-magallanico-cacique-mulato\/\">Leer m\u00e1s<\/a><\/p>\n","protected":false},"author":2,"featured_media":43353,"comment_status":"closed","ping_status":"closed","sticky":false,"template":"","format":"standard","meta":{"footnotes":""},"categories":[1],"tags":[],"class_list":["post-43352","post","type-post","status-publish","format-standard","has-post-thumbnail","hentry","category-cronica"],"_links":{"self":[{"href":"https:\/\/www.radiopresidenteibanez.cl\/web\/wp-json\/wp\/v2\/posts\/43352","targetHints":{"allow":["GET"]}}],"collection":[{"href":"https:\/\/www.radiopresidenteibanez.cl\/web\/wp-json\/wp\/v2\/posts"}],"about":[{"href":"https:\/\/www.radiopresidenteibanez.cl\/web\/wp-json\/wp\/v2\/types\/post"}],"author":[{"embeddable":true,"href":"https:\/\/www.radiopresidenteibanez.cl\/web\/wp-json\/wp\/v2\/users\/2"}],"replies":[{"embeddable":true,"href":"https:\/\/www.radiopresidenteibanez.cl\/web\/wp-json\/wp\/v2\/comments?post=43352"}],"version-history":[{"count":0,"href":"https:\/\/www.radiopresidenteibanez.cl\/web\/wp-json\/wp\/v2\/posts\/43352\/revisions"}],"wp:featuredmedia":[{"embeddable":true,"href":"https:\/\/www.radiopresidenteibanez.cl\/web\/wp-json\/wp\/v2\/media\/43353"}],"wp:attachment":[{"href":"https:\/\/www.radiopresidenteibanez.cl\/web\/wp-json\/wp\/v2\/media?parent=43352"}],"wp:term":[{"taxonomy":"category","embeddable":true,"href":"https:\/\/www.radiopresidenteibanez.cl\/web\/wp-json\/wp\/v2\/categories?post=43352"},{"taxonomy":"post_tag","embeddable":true,"href":"https:\/\/www.radiopresidenteibanez.cl\/web\/wp-json\/wp\/v2\/tags?post=43352"}],"curies":[{"name":"wp","href":"https:\/\/api.w.org\/{rel}","templated":true}]}}