{"id":4335,"date":"2019-05-17T00:05:32","date_gmt":"2019-05-17T00:05:32","guid":{"rendered":"http:\/\/www.radiopresidenteibanez.cl\/web\/?p=4335"},"modified":"2019-05-17T00:05:56","modified_gmt":"2019-05-17T00:05:56","slug":"con-amplia-participacion-femenina-se-dio-inicio-a-la-feria-cientifica-escolar-de-puerto-natales","status":"publish","type":"post","link":"https:\/\/www.radiopresidenteibanez.cl\/web\/con-amplia-participacion-femenina-se-dio-inicio-a-la-feria-cientifica-escolar-de-puerto-natales\/","title":{"rendered":"CON AMPLIA PARTICIPACI\u00d3N FEMENINA SE DIO INICIO A LA FERIA CIENT\u00cdFICA ESCOLAR DE PUERTO NATALES"},"content":{"rendered":"\n<p>Con trabajos investigativos de\ndiferentes establecimientos educacionales de la regi\u00f3n, se dio inicio a la XX\nedici\u00f3n de la Feria Cient\u00edfica Escolar organizada por el Liceo Mar\u00eda Mazzarello\nen conjunto con el Proyecto Asociativo Regional PAR Explora de Conicyt,\nMagallanes y la Ant\u00e1rtica Chilena, ejecutado por la Universidad de Magallanes.<\/p>\n\n\n\n<p>Ciencias naturales, sociales,\nrob\u00f3tica, medio ambiente y astronom\u00eda fueron parte de las tem\u00e1ticas que\nabordaron los 41 proyectos cient\u00edficos presentados en esta edici\u00f3n. Destac\u00f3 la\namplia participaci\u00f3n femenina que alcanz\u00f3 el 60% del total de los trabajos\npresentados. <\/p>\n\n\n\n<p>\u200b \u201cLos ni\u00f1os y ni\u00f1as est\u00e1n muy\nentusiasmados. Hay investigaciones de muchos temas y en etapas diferentes,\nalgunos reci\u00e9n empezando con una propuesta, que no est\u00e1n seguro bien qu\u00e9\nquieren hacer. Otros ya van por su segundo a\u00f1o as\u00ed que ha sido una jornada muy\nprovechosa\u201d, explic\u00f3 Claudia Salinas, directora del PAR Explora Magallanes. <\/p>\n\n\n\n<p>Por su parte, el encargado de la\nferia, Eduardo Alarc\u00f3n, manifest\u00f3 que \u201cesperamos que esta actividad siga\ncreciendo, que los ni\u00f1os y ni\u00f1as se sigan interesando en la ciencia y que ojal\u00e1\nsigamos siendo un puente de conocimiento y de formaci\u00f3n para los j\u00f3venes\u201d. <\/p>\n\n\n\n<p><strong>Primera vez en Puerto Natales<\/strong><\/p>\n\n\n\n<p>Como cada a\u00f1o, delegaciones de\nPorvenir y Punta Arenas viajaron hasta la capital de \u00daltima Esperanza para\nparticipar de esta actividad. Para algunos fue la primera vez en esta comuna\nmagall\u00e1nica. <\/p>\n\n\n\n<p>\u201cTen\u00eda muchos nervios, no cre\u00eda\nque en verdad iba a poder presentar\u201d, asegur\u00f3 Sof\u00eda D\u00edaz, oriunda de Tierra del\nFuego, quien particip\u00f3 por primera vez de esta feria. <\/p>\n\n\n\n<p>Este viernes se conocer\u00e1 a los ganadores de ense\u00f1anza b\u00e1sica y media, quienes recibir\u00e1n premios otorgados por Gasco Magallanes y Aguas Magallanes. Terminada la ceremonia todos los participantes disfrutar\u00e1n de una salida al Monumento Nacional Cueva del Milod\u00f3n. <\/p>\n\n\n\n<figure class=\"wp-block-image\"><img loading=\"lazy\" decoding=\"async\" width=\"960\" height=\"639\" src=\"https:\/\/www.radiopresidenteibanez.cl\/web\/wp-content\/uploads\/2019\/05\/maria-mazzarello-jornada-1-1.jpg\" alt=\"\" class=\"wp-image-4336\" srcset=\"https:\/\/www.radiopresidenteibanez.cl\/web\/wp-content\/uploads\/2019\/05\/maria-mazzarello-jornada-1-1.jpg 960w, https:\/\/www.radiopresidenteibanez.cl\/web\/wp-content\/uploads\/2019\/05\/maria-mazzarello-jornada-1-1-300x200.jpg 300w, https:\/\/www.radiopresidenteibanez.cl\/web\/wp-content\/uploads\/2019\/05\/maria-mazzarello-jornada-1-1-768x511.jpg 768w\" sizes=\"auto, (max-width: 960px) 100vw, 960px\" \/><\/figure>\n","protected":false},"excerpt":{"rendered":"<p>Con trabajos investigativos de diferentes establecimientos educacionales de la regi\u00f3n, se dio inicio a la XX edici\u00f3n de la Feria Cient\u00edfica Escolar organizada por el Liceo Mar\u00eda Mazzarello en conjunto&#8230; <a class=\"read-more\" href=\"https:\/\/www.radiopresidenteibanez.cl\/web\/con-amplia-participacion-femenina-se-dio-inicio-a-la-feria-cientifica-escolar-de-puerto-natales\/\">Leer m\u00e1s<\/a><\/p>\n","protected":false},"author":2,"featured_media":4336,"comment_status":"closed","ping_status":"closed","sticky":false,"template":"","format":"standard","meta":{"footnotes":""},"categories":[1],"tags":[],"class_list":["post-4335","post","type-post","status-publish","format-standard","has-post-thumbnail","hentry","category-cronica"],"_links":{"self":[{"href":"https:\/\/www.radiopresidenteibanez.cl\/web\/wp-json\/wp\/v2\/posts\/4335","targetHints":{"allow":["GET"]}}],"collection":[{"href":"https:\/\/www.radiopresidenteibanez.cl\/web\/wp-json\/wp\/v2\/posts"}],"about":[{"href":"https:\/\/www.radiopresidenteibanez.cl\/web\/wp-json\/wp\/v2\/types\/post"}],"author":[{"embeddable":true,"href":"https:\/\/www.radiopresidenteibanez.cl\/web\/wp-json\/wp\/v2\/users\/2"}],"replies":[{"embeddable":true,"href":"https:\/\/www.radiopresidenteibanez.cl\/web\/wp-json\/wp\/v2\/comments?post=4335"}],"version-history":[{"count":0,"href":"https:\/\/www.radiopresidenteibanez.cl\/web\/wp-json\/wp\/v2\/posts\/4335\/revisions"}],"wp:featuredmedia":[{"embeddable":true,"href":"https:\/\/www.radiopresidenteibanez.cl\/web\/wp-json\/wp\/v2\/media\/4336"}],"wp:attachment":[{"href":"https:\/\/www.radiopresidenteibanez.cl\/web\/wp-json\/wp\/v2\/media?parent=4335"}],"wp:term":[{"taxonomy":"category","embeddable":true,"href":"https:\/\/www.radiopresidenteibanez.cl\/web\/wp-json\/wp\/v2\/categories?post=4335"},{"taxonomy":"post_tag","embeddable":true,"href":"https:\/\/www.radiopresidenteibanez.cl\/web\/wp-json\/wp\/v2\/tags?post=4335"}],"curies":[{"name":"wp","href":"https:\/\/api.w.org\/{rel}","templated":true}]}}