{"id":43349,"date":"2023-10-13T15:47:00","date_gmt":"2023-10-13T18:47:00","guid":{"rendered":"https:\/\/www.radiopresidenteibanez.cl\/web\/?p=43349"},"modified":"2023-10-13T10:29:12","modified_gmt":"2023-10-13T13:29:12","slug":"senda-y-delegacion-presidencial-inician-reinstalacion-del-programa-previene-invitando-a-concurso-de-dibujo","status":"publish","type":"post","link":"https:\/\/www.radiopresidenteibanez.cl\/web\/senda-y-delegacion-presidencial-inician-reinstalacion-del-programa-previene-invitando-a-concurso-de-dibujo\/","title":{"rendered":"SENDA y DELEGACION PRESIDENCIAL INICIAN REINSTALACION DEL PROGRAMA PREVIENE INVITANDO A CONCURSO DE DIBUJO"},"content":{"rendered":"\n<p>En la Junta de Vecinos Mar\u00eda Behety se realiz\u00f3 el lanzamiento de Concurso de Dibujo que invita a<br>ni\u00f1os y ni\u00f1as entre los 10 y 17 a\u00f1os a reflexionar sobre qu\u00e9 actividades les mantienen alejados de<br>las drogas y se convierten en factores protectores para todos y todas ni\u00f1os y ni\u00f1as de la<br>comunidad.<br>El&nbsp;consumo de alcohol y drogas&nbsp;es un problema que afecta tanto a las personas, de manera<br>individual, como a la sociedad en su conjunto. Para reducir el da\u00f1o que esto ocasiona, resulta<br>fundamental implementar programas preventivos dentro del \u00e1mbito escolar, familiar, comunitario<br>o en espacios de ocio y tiempo libre, con el objetivo de&nbsp;reducir la prevalencia del uso y abuso de<br>las diferentes sustancias. Es por eso que la reinstalaci\u00f3n del programa PREVIENE de Senda, cobra<br>importante relevancia, ya que fueron cinco a\u00f1os los que Punta Arenas estuvo sin esta esencial<br>herramienta.<br>PREVIENE retorna de la mano de la Delegaci\u00f3n Presidencial, quien es ahora su ejecutor y de un<br>concurso de dibujo para incentivar a crear una realidad a trav\u00e9s del arte, en compa\u00f1\u00eda no solo de<br>las autoridades y profesionales del programa, sino de toda una comunidad que act\u00faa en<br>corresponsabilidad y que qued\u00f3 representada en la Junta de Vecinos Mar\u00eda Behety, cuya directiva<br>y sus participantes est\u00e1n felices de acoger a ni\u00f1os y ni\u00f1as y contribuir en entregarles factores<br>protectores, o sea, acciones que los mantienen alejados del consumo de alcohol y otras drogas.<br>El Delegado Presidencial Regional, indic\u00f3 \u201cPara nuestro Gobierno, la prevenci\u00f3n es sumamente<br>relevante, porque nos ayuda a identificar y disminuir los factores de riesgo. El Programa Senda-<br>Previene no estaba en la comuna de Punta Arenas, por lo tanto y en conocimiento de su<br>importancia, como Delegaci\u00f3n lo tomamos para su ejecuci\u00f3n. Iniciamos con el lanzamiento de<br>este concurso que apunta a que los ni\u00f1os, ni\u00f1as y adolescentes puedan expresar y mostrar los<br>factores de riesgo que ellos perciben en su entorno. Y estamos frente al lugar donde se va a<br>realizar un mural donde se va a plasmar el dibujo ganador. Lo importante como Gobierno es<br>identificar y apoyar a un programa que apunta a la prevenci\u00f3n y por lo tanto a cuidar a ni\u00f1os,<br>ni\u00f1as y adolescentes, quienes son el futuro de nuestro pa\u00eds\u201d.<br>Los adolescentes merecen una atenci\u00f3n especial en este sentido, ya que consumir drogas es<br>siempre perjudicial, pero el da\u00f1o incrementa significativamente si se consumen antes de llegar a la<br>edad adulta.&nbsp;El representante legal de la Junta de Vecinos, Mauricio Ojeda explic\u00f3 que, \u201ces muy<br>importante para las Juntas de Vecinos integrar a los j\u00f3venes, y este concurso es un incentivo. Falta<\/p>\n\n\n\n<p>que la sociedad integre m\u00e1s a los j\u00f3venes, cuesta, pero si el joven no es incentivado no se<br>acercar\u00e1. Para nosotros como Junta de Vecinos es muy importante, con este programa podemos<br>evitar el consumo de alcohol, drogas, que est\u00e1 presente, aunque cerremos los ojos ante eso. Les<br>hago la invitaci\u00f3n a todos nuestros vecinos entre 10 a 17 a\u00f1os a traer sus dibujos, eso va a quedar<br>plasmado en un mural y habr\u00e1n otras sorpresas\u201d.<br>Una iniciativa que busca fomentar la realizaci\u00f3n de actividades de recreaci\u00f3n para ni\u00f1os, ni\u00f1as y<br>adolescentes de la comuna, a trav\u00e9s de la elaboraci\u00f3n de un dibujo. De esta manera, se pretende<br>fomentar el buen uso del tiempo libre, adem\u00e1s de promover el arte y cultura entre los NNA.<br>El Coordinador del Programa PREVIENE, Pablo Villegas, realiz\u00f3 un llamado a participar a la<br>comunidad, explicando la importancia porque creemos que el trabajo mancomunado entre esta y<br>SendaPreviene y la comunidad con los diferentes actores de la sociedad civil es sumamente<br>importante para realizar un trabajo en cuanto a cultura preventiva y tambi\u00e9n elevar los factores<br>protectores que netamente son actividades que se ocupan dentro del tiempo de ocio y que<br>resultan positivas para la salud.<br>El concurso encierra adem\u00e1s otro factor: \u201ca trav\u00e9s de los dibujos podemos saber la opini\u00f3n de los<br>diferentes vecinos, ni\u00f1as, ni\u00f1os y adolescentes para poder generar estrategias preventivas y<br>apuntar a la corresponsabilidad de la comunidad en la cultura de prevenci\u00f3n que se necesita en el<br>territorio\u201d, finaliza el Coordinador Villegas.<\/p>\n","protected":false},"excerpt":{"rendered":"<p>En la Junta de Vecinos Mar\u00eda Behety se realiz\u00f3 el lanzamiento de Concurso de Dibujo que invita ani\u00f1os y ni\u00f1as entre los 10 y 17 a\u00f1os a reflexionar sobre qu\u00e9&#8230; <a class=\"read-more\" href=\"https:\/\/www.radiopresidenteibanez.cl\/web\/senda-y-delegacion-presidencial-inician-reinstalacion-del-programa-previene-invitando-a-concurso-de-dibujo\/\">Leer m\u00e1s<\/a><\/p>\n","protected":false},"author":2,"featured_media":43350,"comment_status":"closed","ping_status":"closed","sticky":false,"template":"","format":"standard","meta":{"footnotes":""},"categories":[1],"tags":[],"class_list":["post-43349","post","type-post","status-publish","format-standard","has-post-thumbnail","hentry","category-cronica"],"_links":{"self":[{"href":"https:\/\/www.radiopresidenteibanez.cl\/web\/wp-json\/wp\/v2\/posts\/43349","targetHints":{"allow":["GET"]}}],"collection":[{"href":"https:\/\/www.radiopresidenteibanez.cl\/web\/wp-json\/wp\/v2\/posts"}],"about":[{"href":"https:\/\/www.radiopresidenteibanez.cl\/web\/wp-json\/wp\/v2\/types\/post"}],"author":[{"embeddable":true,"href":"https:\/\/www.radiopresidenteibanez.cl\/web\/wp-json\/wp\/v2\/users\/2"}],"replies":[{"embeddable":true,"href":"https:\/\/www.radiopresidenteibanez.cl\/web\/wp-json\/wp\/v2\/comments?post=43349"}],"version-history":[{"count":0,"href":"https:\/\/www.radiopresidenteibanez.cl\/web\/wp-json\/wp\/v2\/posts\/43349\/revisions"}],"wp:featuredmedia":[{"embeddable":true,"href":"https:\/\/www.radiopresidenteibanez.cl\/web\/wp-json\/wp\/v2\/media\/43350"}],"wp:attachment":[{"href":"https:\/\/www.radiopresidenteibanez.cl\/web\/wp-json\/wp\/v2\/media?parent=43349"}],"wp:term":[{"taxonomy":"category","embeddable":true,"href":"https:\/\/www.radiopresidenteibanez.cl\/web\/wp-json\/wp\/v2\/categories?post=43349"},{"taxonomy":"post_tag","embeddable":true,"href":"https:\/\/www.radiopresidenteibanez.cl\/web\/wp-json\/wp\/v2\/tags?post=43349"}],"curies":[{"name":"wp","href":"https:\/\/api.w.org\/{rel}","templated":true}]}}