{"id":43346,"date":"2023-10-13T14:22:00","date_gmt":"2023-10-13T17:22:00","guid":{"rendered":"https:\/\/www.radiopresidenteibanez.cl\/web\/?p=43346"},"modified":"2023-10-13T10:26:14","modified_gmt":"2023-10-13T13:26:14","slug":"indap-fortalece-la-imagen-del-mercado-campesino-con-la-entrega-de-elementos-de-marketing","status":"publish","type":"post","link":"https:\/\/www.radiopresidenteibanez.cl\/web\/indap-fortalece-la-imagen-del-mercado-campesino-con-la-entrega-de-elementos-de-marketing\/","title":{"rendered":"INDAP FORTALECE LA IMAGEN DEL MERCADO CAMPESINO CON LA ENTREGA DE ELEMENTOS DE MARKETING"},"content":{"rendered":"\n<p>En un esfuerzo por consolidar la identidad y mejorar la experiencia en el Mercado Campesino de Magallanes, agricultores de la regi\u00f3n recibieron un valioso apoyo por parte del Instituto de Desarrollo Agropecuario (INDAP). Este esfuerzo se materializ\u00f3 a trav\u00e9s de la entrega de mesas, manteles, percheras y bolsas reutilizables que buscan fortalecer la imagen de los productores regionales.&nbsp;<\/p>\n\n\n\n<p>El director regional de INDAP, Gabriel Zegers, explic\u00f3 que \u201cen INDAP estamos comprometidos en impulsar y mejorar la imagen del Mercado Campesino de Magallanes. Esta iniciativa complementa entregas realizadas en a\u00f1os anteriores y tiene como objetivo brindar a los agricultores una identidad s\u00f3lida y crear una experiencia m\u00e1s atractiva para los consumidores\u00bb.&nbsp;<\/p>\n\n\n\n<p>En esta ocasi\u00f3n, se entregaron cinco mesas desplegables a los agricultores que no contaban con el material, adem\u00e1s de manteles, pendones, percheras y bolsas reutilizables para entregar al momento de las ventas.&nbsp;&nbsp;La entrega de estos elementos esenciales fue acogida con entusiasmo por parte de los agricultores, quienes reconocen su valor. Bernardita Villal\u00f3n, agricultora y representante de la Agrupaci\u00f3n Comunidad Rural Ind\u00edgena Ram\u00f3n Millalonco Tarum\u00e1n, coment\u00f3: \u00abNo siempre invertimos en el marketing y la imagen, y este aporte nos ayuda a seguir mejorando y refuerza nuestra identidad como comunidad ind\u00edgena\u00bb.&nbsp;<\/p>\n\n\n\n<p>Mar\u00eda Col\u00edn, miembro de la Cooperativa Agr\u00edcola Campesina Av\u00edcola Austral, subray\u00f3 la importancia de que las personas ubiquen su stand y compren productos frescos y regionales. \u00abLa idea es que todas las personas nos ubiquen y aprovechen de comprar productos cosechados en el d\u00eda. Nuestra cooperativa tiene huevos frescos y regionales\u00bb.&nbsp;<\/p>\n\n\n\n<p>Las mesas port\u00e1tiles aportan comodidad a los agricultores, mientras que las percheras y los pendones refuerzan el marketing de la feria y orientan a los consumidores sobre los productos producidos por los campesinos de la zona.&nbsp;<\/p>\n\n\n\n<p>Marta Oyarzo, una de las beneficiadas, destac\u00f3 la importancia de estas iniciativas en t\u00e9rminos de publicidad. \u00abYo no ten\u00eda y esto me pone muy contenta. Espero que la gente nos siga apoyando y prefiera los productos locales, ahora va a ser m\u00e1s f\u00e1cil que nos ubiquen\u00bb, indic\u00f3.&nbsp;<\/p>\n\n\n\n<p>El Mercado Campesino de Zona Austral abrir\u00e1 sus puertas a fines de octubre o principios de noviembre, dependiendo de la producci\u00f3n local que este a\u00f1o ha experimentado un ligero retraso debido a las condiciones clim\u00e1ticas. INDAP comunicar\u00e1 oportunamente las fechas de apertura a trav\u00e9s de sus redes sociales.&nbsp;<\/p>\n\n\n\n<p>Finalmente, Zegers enfatiz\u00f3 la importancia de elegir productos artesanales, procesados y hortalizas frescas y naturales de la Patagonia para mantener una alimentaci\u00f3n saludable en el contexto actual.&nbsp;<\/p>\n","protected":false},"excerpt":{"rendered":"<p>En un esfuerzo por consolidar la identidad y mejorar la experiencia en el Mercado Campesino de Magallanes, agricultores de la regi\u00f3n recibieron un valioso apoyo por parte del Instituto de&#8230; <a class=\"read-more\" href=\"https:\/\/www.radiopresidenteibanez.cl\/web\/indap-fortalece-la-imagen-del-mercado-campesino-con-la-entrega-de-elementos-de-marketing\/\">Leer m\u00e1s<\/a><\/p>\n","protected":false},"author":2,"featured_media":43347,"comment_status":"closed","ping_status":"closed","sticky":false,"template":"","format":"standard","meta":{"footnotes":""},"categories":[1],"tags":[],"class_list":["post-43346","post","type-post","status-publish","format-standard","has-post-thumbnail","hentry","category-cronica"],"_links":{"self":[{"href":"https:\/\/www.radiopresidenteibanez.cl\/web\/wp-json\/wp\/v2\/posts\/43346","targetHints":{"allow":["GET"]}}],"collection":[{"href":"https:\/\/www.radiopresidenteibanez.cl\/web\/wp-json\/wp\/v2\/posts"}],"about":[{"href":"https:\/\/www.radiopresidenteibanez.cl\/web\/wp-json\/wp\/v2\/types\/post"}],"author":[{"embeddable":true,"href":"https:\/\/www.radiopresidenteibanez.cl\/web\/wp-json\/wp\/v2\/users\/2"}],"replies":[{"embeddable":true,"href":"https:\/\/www.radiopresidenteibanez.cl\/web\/wp-json\/wp\/v2\/comments?post=43346"}],"version-history":[{"count":0,"href":"https:\/\/www.radiopresidenteibanez.cl\/web\/wp-json\/wp\/v2\/posts\/43346\/revisions"}],"wp:featuredmedia":[{"embeddable":true,"href":"https:\/\/www.radiopresidenteibanez.cl\/web\/wp-json\/wp\/v2\/media\/43347"}],"wp:attachment":[{"href":"https:\/\/www.radiopresidenteibanez.cl\/web\/wp-json\/wp\/v2\/media?parent=43346"}],"wp:term":[{"taxonomy":"category","embeddable":true,"href":"https:\/\/www.radiopresidenteibanez.cl\/web\/wp-json\/wp\/v2\/categories?post=43346"},{"taxonomy":"post_tag","embeddable":true,"href":"https:\/\/www.radiopresidenteibanez.cl\/web\/wp-json\/wp\/v2\/tags?post=43346"}],"curies":[{"name":"wp","href":"https:\/\/api.w.org\/{rel}","templated":true}]}}