{"id":43340,"date":"2023-10-13T11:32:00","date_gmt":"2023-10-13T14:32:00","guid":{"rendered":"https:\/\/www.radiopresidenteibanez.cl\/web\/?p=43340"},"modified":"2023-10-13T08:50:00","modified_gmt":"2023-10-13T11:50:00","slug":"26-empresas-magallanicas-lograron-tasa-de-accidentalidad-cero","status":"publish","type":"post","link":"https:\/\/www.radiopresidenteibanez.cl\/web\/26-empresas-magallanicas-lograron-tasa-de-accidentalidad-cero\/","title":{"rendered":"26 EMPRESAS MAGALLANICAS LOGRARON TASA DE ACCIDENTALIDAD CERO"},"content":{"rendered":"\n<p>En dependencias de la ANEF Magallanes, se llev\u00f3 a cabo la<br>ceremonia de premiaci\u00f3n de 26 empresas regionales que fueron distinguidas por el Consejo<br>Nacional de Seguridad, instancia que otorga un reconocimiento a aquellos organismos que logren<br>la m\u00e1s baja tasa de accidentabilidad laboral en su sector respectivo.<br>En la oportunidad, la SEREMI del Trabajo y Previsi\u00f3n Social, Doris Sandoval Miranda, junto al<br>director regional del Instituto de Seguridad Laboral (ISL), Marcelo Trivi\u00f1o \u00c1lvarez, hicieron la<br>entrega de los premios a las empresas adheridas al ISL Magallanes. El primero fue el Premio<br>\u201cConsejo Nacional de Seguridad\u201d, que se entrega a organizaciones que hayan logrado la m\u00e1s baja<br>Tasa de Frecuencia en su grupo o actividad. A nivel local, fueron 26 las empresas galardonadas con<br>este reconocimiento.<br>En tanto, el segundo premio de \u201cExcelencia en Prevenci\u00f3n de Riesgos\u201d, se otorga a aquellas<br>empresas que hayan mantenido esta tasa cero de accidentabilidad durante dos o m\u00e1s a\u00f1os<br>consecutivos. Esta distinci\u00f3n recay\u00f3 en 15 organizaciones magall\u00e1nicas.<br>Durante la ceremonia, la SEREMI del Trabajo y Previsi\u00f3n Social, Doris Sandoval Miranda, recalc\u00f3 el<br>avance que esto significa en mejores condiciones de trabajo para la regi\u00f3n. \u201cEstamos muy<br>contentas y contentos de reconocer a 26 empresas magall\u00e1nicas por su cero accidentabilidad. La<br>seguridad laboral es parte del trabajo decente, que es la aspiraci\u00f3n que tenemos como Gobierno<br>hacia la cual debemos avanzar. Por tanto, estas empresas que hoy est\u00e1n ocupadas de mejorar las<br>condiciones de seguridad, se van sumando tambi\u00e9n a las primeras empresas magall\u00e1nicas que han<br>obtenido el Sello 40 horas y todo eso tiene como resultado contribuir al logro del trabajo decente<br>de las y los trabajadores de la regi\u00f3n de Magallanes\u201d, expuso.<br>Para el alcance de esta buena gesti\u00f3n en materia de seguridad y salud laboral, las empresas<br>galardonadas han recibido la asesor\u00eda, capacitaci\u00f3n y apoyo constante del Instituto de Seguridad<br>Laboral (ISL), la mutualidad del Estado encargada de velar por el buen progreso de estas<br>instituciones en el cuidado de sus trabajadores\/as.<br>As\u00ed fue reconocido por las\/os representantes de algunas de las firmas regionales distinguidas en<br>esta ocasi\u00f3n. Una de ellas fue Mar\u00eda Luisa Vargas, encargada de producci\u00f3n de la chocolater\u00eda<br>regional \u201cSecretos de la Patagonia\u201d.<\/p>\n\n\n\n<p>\u201cEste reconocimiento es algo super importante para nosotras como trabajadoras y para la<br>empresa en general. El hecho de que se nos gratifique y se nos destaque por el buen trabajo que<br>tratamos de realizar siempre. Nosotros nos hemos capacitado en varias ocasiones con el ISL y<br>hemos tenido que tomar muchas precauciones. En ese sentido, los cursos que el ISL nos ha<br>entregado, nos han ayudado bastante para el manejo de cargas, de l\u00edquidos calientes, para<br>mejorar la postura al estar de pie y en distintos \u00e1mbitos\u201d, se\u00f1al\u00f3 la trabajadora.<br>Este mismo aspecto fue destacado por el due\u00f1o del restaurante \u201cLa Cuisine\u201d de Punta Arenas, Eric<br>Legois, quien expres\u00f3 que: \u201cEste es el segundo a\u00f1o que tenemos este reconocimiento y eso, m\u00e1s<br>que nada, es gracias al ISL, porque van casi 11 a\u00f1os de La Cuisine y tenemos un asesor que nos<br>visita, se preocupa, nos lleva la capacitaci\u00f3n y lo m\u00e1s importante es que siempre est\u00e1 presente y<br>un due\u00f1o como yo no siempre est\u00e1 al tanto de todo lo que hay que hacer, entonces, ellos nos dan<br>muchas pautas y eso ayuda un mont\u00f3n\u201d.<br>En Magallanes, las empresas destacadas corresponden a los rubros del Comercio, Industria<br>manufacturera, Turismo, Restaurantes, Servicios, Educaci\u00f3n, Instituciones P\u00fablicas, entre otros.<\/p>\n","protected":false},"excerpt":{"rendered":"<p>En dependencias de la ANEF Magallanes, se llev\u00f3 a cabo laceremonia de premiaci\u00f3n de 26 empresas regionales que fueron distinguidas por el ConsejoNacional de Seguridad, instancia que otorga un reconocimiento&#8230; <a class=\"read-more\" href=\"https:\/\/www.radiopresidenteibanez.cl\/web\/26-empresas-magallanicas-lograron-tasa-de-accidentalidad-cero\/\">Leer m\u00e1s<\/a><\/p>\n","protected":false},"author":2,"featured_media":43341,"comment_status":"closed","ping_status":"closed","sticky":false,"template":"","format":"standard","meta":{"footnotes":""},"categories":[1],"tags":[],"class_list":["post-43340","post","type-post","status-publish","format-standard","has-post-thumbnail","hentry","category-cronica"],"_links":{"self":[{"href":"https:\/\/www.radiopresidenteibanez.cl\/web\/wp-json\/wp\/v2\/posts\/43340","targetHints":{"allow":["GET"]}}],"collection":[{"href":"https:\/\/www.radiopresidenteibanez.cl\/web\/wp-json\/wp\/v2\/posts"}],"about":[{"href":"https:\/\/www.radiopresidenteibanez.cl\/web\/wp-json\/wp\/v2\/types\/post"}],"author":[{"embeddable":true,"href":"https:\/\/www.radiopresidenteibanez.cl\/web\/wp-json\/wp\/v2\/users\/2"}],"replies":[{"embeddable":true,"href":"https:\/\/www.radiopresidenteibanez.cl\/web\/wp-json\/wp\/v2\/comments?post=43340"}],"version-history":[{"count":0,"href":"https:\/\/www.radiopresidenteibanez.cl\/web\/wp-json\/wp\/v2\/posts\/43340\/revisions"}],"wp:featuredmedia":[{"embeddable":true,"href":"https:\/\/www.radiopresidenteibanez.cl\/web\/wp-json\/wp\/v2\/media\/43341"}],"wp:attachment":[{"href":"https:\/\/www.radiopresidenteibanez.cl\/web\/wp-json\/wp\/v2\/media?parent=43340"}],"wp:term":[{"taxonomy":"category","embeddable":true,"href":"https:\/\/www.radiopresidenteibanez.cl\/web\/wp-json\/wp\/v2\/categories?post=43340"},{"taxonomy":"post_tag","embeddable":true,"href":"https:\/\/www.radiopresidenteibanez.cl\/web\/wp-json\/wp\/v2\/tags?post=43340"}],"curies":[{"name":"wp","href":"https:\/\/api.w.org\/{rel}","templated":true}]}}