{"id":43337,"date":"2023-10-13T10:21:00","date_gmt":"2023-10-13T13:21:00","guid":{"rendered":"https:\/\/www.radiopresidenteibanez.cl\/web\/?p=43337"},"modified":"2023-10-13T08:28:06","modified_gmt":"2023-10-13T11:28:06","slug":"por-fallo-de-corte-suprema-trabajadora-del-ips-de-magallanes-retornara-a-sus-funciones-laborales-en-el-servicio","status":"publish","type":"post","link":"https:\/\/www.radiopresidenteibanez.cl\/web\/por-fallo-de-corte-suprema-trabajadora-del-ips-de-magallanes-retornara-a-sus-funciones-laborales-en-el-servicio\/","title":{"rendered":"POR FALLO DE CORTE SUPREMA TRABAJADORA DEL IPS DE MAGALLANES RETORNARA A SUS FUNCIONES LABORALES EN EL SERVICIO"},"content":{"rendered":"\n<p>La Justicia tarda pero llega. Luego que por m\u00e1s de 1 a\u00f1o la<br>funcionaria administrativa del Instituto de Previsi\u00f3n Social de la regi\u00f3n de Magallanes, Pamela<br>G\u00f3mez Huenchor, durante una seguidilla de acciones durante el 2021, fue desvinculada en mayo<br>del 2022, por \u201cSalud incompatible\u201d en su cargo. La Anef nacional a trav\u00e9s de la dirigente nacional,<br>Ana Mar\u00eda Guti\u00e9rrez junto a la abogada Alejandra Miranda asumieron el caso para apoyar y<br>representar a la funcionaria, quien en el momento de la pandemia de Covid-19, debi\u00f3 cuidar a sus<br>padres, sufriendo una depresi\u00f3n por la p\u00e9rdida de uno de ellos en 2020. La funcionar\u00eda cumpl\u00eda 27<br>a\u00f1os en el servicio al momento de su desvinculaci\u00f3n.<br>Despu\u00e9s de reiterados litigios y la b\u00fasqueda de los derechos laborales de Pamela, el pasado<br>martes se decret\u00f3 por la Corte Suprema el fall\u00f3 4 a 1 a favor de la trabajadora, quien deber\u00e1 ser<br>reincorporada a su trabajo y la restituci\u00f3n de sus estipendios desde el inicio del despido hasta la<br>fecha.<br>Si bien se crea un precedente para la justicia laboral, al mismo tiempo, se confirma el actuar y el<br>compromiso de la dirigencia de Anef nacional y regional en la defensa de los derechos laborales de<br>las y los funcionarios estatales de la naci\u00f3n. Al mismo tiempo queda demostrado en el fallo de la<br>Corte Suprema que la instituci\u00f3n estatal actu\u00f3 de manera incorrecta o ilegal en relaci\u00f3n con los<br>derechos laborales de la trabajadora.<br>De esta forma lo confirma Ana Mar\u00eda Guti\u00e9rrez Ram\u00edrez, corresponsable Vicepresidencia Previsi\u00f3n<br>ANEF y Secretaria General de la Asociaci\u00f3n Funcionarios\/as del Instituto Previsional Social<br>[ANATRINP], al se\u00f1alar que \u201cquiero expresar en primer t\u00e9rmino mi satisfacci\u00f3n por el fallo de la<br>Corte Suprema que dictamin\u00f3 en favor de Pamela Gomez Huenchor, quien cumpl\u00eda funciones en el<br>IPS de Punta Arenas hasta mayo del a\u00f1o 2022, ella al momento de aplicarse \u201csalud incompatible\u201d<br>ten\u00eda 27 a\u00f1os de servicio en el IPS. Nos encontr\u00e1bamos en pandemia y lamentablemente en ese<br>tiempo sufri\u00f3 la p\u00e9rdida de su madre, lo que llev\u00f3 a una profunda depresi\u00f3n por su situaci\u00f3n.<br>Cuando se aplic\u00f3 la medida Pamela ya hab\u00eda retornado a su trabajo en el IPS hace<br>aproximadamente un a\u00f1o, en ese contexto tom\u00f3 contacto conmigo y pudimos gestionar con el<br>apoyo jur\u00eddico de ANEF, realizamos las gestiones ante tribunales y felizmente se resolvieron<br>favorablemente. En la actualidad como parte integrante de ANEF nacional quiero agradecer el<br>apoyo y recepci\u00f3n del caso por parte de nuestra confederaci\u00f3n presidida por el compa\u00f1ero<br>presidente Jos\u00e9 P\u00e9rez Debelli y la asesor\u00eda jur\u00eddica con que cuenta la confederaci\u00f3n, As\u00ed tambi\u00e9n,<br>el trabajo de la abogada Alejandra Miranda, quien asesora a la confederaci\u00f3n en estas materias.<br>Finalmente expresar mi satisfacci\u00f3n que se haya hecho justicia en el caso de Pamela G\u00f3mez<br>Huenchor y que me haya permitido ser el v\u00ednculo sindical para realizar las gestiones sindicales y<br>jur\u00eddicas correspondientes\u201d, cerr\u00f3 la dirigente nacional.<\/p>\n\n\n\n<p>En tanto, la presidenta del regional Anef Magallanes, Evelyn C\u00f3rdova, indic\u00f3 que la funcionaria ha<br>estado acompa\u00f1ada y respaldada por la ANEF Nacional y ahora le corresponde a este directorio<br>acompa\u00f1arla en su reintegro. \u201cNosotros como Anef Magallanes estamos siempre para proteger a<br>las y los funcionarios p\u00fablicos. Una trabajadora de m\u00e1s de 26 a\u00f1os de servicios, quien ha ocupado<br>m\u00e1s de la mitad de su vida en el servicio p\u00fablico, que hoy en d\u00eda la Corte Suprema haya fallado<br>para ser reintegrada a su fuente laboral es un s\u00edmbolo de justicia a los trabajadores p\u00fablicos.<br>Nosotros acompa\u00f1aremos a Pamela en su reintegro y estaremos atentos a que este tipo de<br>injusticias no vuelvan a ocurrir en la administraci\u00f3n p\u00fablica. Porque una enfermedad y sobre todo<br>una depresi\u00f3n no te hace un trabajador con salud incompatible en el cargo, porque esos son<br>momentos que con el tiempo y un buen acompa\u00f1amiento tienen recuperaci\u00f3n\u201d, concluy\u00f3 la<br>presidenta de Anef Magallanes.<br>Cabe hacer menci\u00f3n que la funcionaria que muy pronto retomar\u00e1 sus funciones siempre fue<br>calificada en lista 1, contando con innumerables anotaciones de m\u00e9rito, cursos de capacitaci\u00f3n y<br>sin haber sido objeto de alguna sanci\u00f3n administrativa durante toda su trayectoria.<br>\u201cQuiero expresar mi sincero agradecimiento a Ana Mar\u00eda Guti\u00e9rrez por no solo escuchar lo que me<br>sucedi\u00f3 en mayo 2022 sino por hacer gesti\u00f3n, apoyo legal de la ANEF Nacional tom\u00f3 mi caso sin<br>titubear por medio de Alejandra Miranda y eso es digno para cualquier trabajador, se gane o se<br>pierda. Reflexi\u00f3n: \u201cNo se trata de quien sea bueno en tu cara si no quien sea leal a tu espalda\u201d<br>expreso Pamela G\u00f3mez.<br>Finalmente, el Presidente Nacional de Anef, Jos\u00e9 P\u00e9rez Debelli, se\u00f1alo que \u201cpara nuestra<br>confederaci\u00f3n Nacional Anef con su estructura nacional y territorial, estamos muy felices al<br>conocer el fallo de la corte suprema a favor de la funcionaria Pamela G\u00f3mez Huenchor,<br>funcionaria del IPS de Magallanes y de la Ant\u00e1rtica Chilena, que fue despedida arbitrariamente,<br>bajo la figura de salud incompatible hace m\u00e1s de un a\u00f1o, utilizando un instrumento que dejo sin<br>trabajo a nuestra compa\u00f1era Pamela, sin embargo en este caso relevamos la importancia y<br>valoramos que la justicia se haga presente en la persona de Pamela, eso tiene responsabilidad<br>permanente y s\u00faper vigilancia de parte de nuestra confederaci\u00f3n en defender los derechos<br>fundamentales, en acompa\u00f1ar los procesos cuando se produc\u00edan con el gobierno anterior<br>despidos arbitrarios y que nuestro equipo jur\u00eddico que tambi\u00e9n reconocemos el m\u00e9rito de su<br>trabajo profesional en la persona de Alejandra Miranda y Fillipo Rossi, ha permitido tambi\u00e9n<br>revertir este despido arbitrario\u201d.<\/p>\n","protected":false},"excerpt":{"rendered":"<p>La Justicia tarda pero llega. Luego que por m\u00e1s de 1 a\u00f1o lafuncionaria administrativa del Instituto de Previsi\u00f3n Social de la regi\u00f3n de Magallanes, PamelaG\u00f3mez Huenchor, durante una seguidilla de&#8230; <a class=\"read-more\" href=\"https:\/\/www.radiopresidenteibanez.cl\/web\/por-fallo-de-corte-suprema-trabajadora-del-ips-de-magallanes-retornara-a-sus-funciones-laborales-en-el-servicio\/\">Leer m\u00e1s<\/a><\/p>\n","protected":false},"author":2,"featured_media":43338,"comment_status":"closed","ping_status":"closed","sticky":false,"template":"","format":"standard","meta":{"footnotes":""},"categories":[1],"tags":[],"class_list":["post-43337","post","type-post","status-publish","format-standard","has-post-thumbnail","hentry","category-cronica"],"_links":{"self":[{"href":"https:\/\/www.radiopresidenteibanez.cl\/web\/wp-json\/wp\/v2\/posts\/43337","targetHints":{"allow":["GET"]}}],"collection":[{"href":"https:\/\/www.radiopresidenteibanez.cl\/web\/wp-json\/wp\/v2\/posts"}],"about":[{"href":"https:\/\/www.radiopresidenteibanez.cl\/web\/wp-json\/wp\/v2\/types\/post"}],"author":[{"embeddable":true,"href":"https:\/\/www.radiopresidenteibanez.cl\/web\/wp-json\/wp\/v2\/users\/2"}],"replies":[{"embeddable":true,"href":"https:\/\/www.radiopresidenteibanez.cl\/web\/wp-json\/wp\/v2\/comments?post=43337"}],"version-history":[{"count":0,"href":"https:\/\/www.radiopresidenteibanez.cl\/web\/wp-json\/wp\/v2\/posts\/43337\/revisions"}],"wp:featuredmedia":[{"embeddable":true,"href":"https:\/\/www.radiopresidenteibanez.cl\/web\/wp-json\/wp\/v2\/media\/43338"}],"wp:attachment":[{"href":"https:\/\/www.radiopresidenteibanez.cl\/web\/wp-json\/wp\/v2\/media?parent=43337"}],"wp:term":[{"taxonomy":"category","embeddable":true,"href":"https:\/\/www.radiopresidenteibanez.cl\/web\/wp-json\/wp\/v2\/categories?post=43337"},{"taxonomy":"post_tag","embeddable":true,"href":"https:\/\/www.radiopresidenteibanez.cl\/web\/wp-json\/wp\/v2\/tags?post=43337"}],"curies":[{"name":"wp","href":"https:\/\/api.w.org\/{rel}","templated":true}]}}