{"id":43330,"date":"2023-10-13T08:19:06","date_gmt":"2023-10-13T11:19:06","guid":{"rendered":"https:\/\/www.radiopresidenteibanez.cl\/web\/?p=43330"},"modified":"2023-10-13T08:19:19","modified_gmt":"2023-10-13T11:19:19","slug":"senador-kusanovic-solicita-actualizar-actual-normativa-de-cilindrada-para-vehiculos-de-transporte-publico-de-pasajeros","status":"publish","type":"post","link":"https:\/\/www.radiopresidenteibanez.cl\/web\/senador-kusanovic-solicita-actualizar-actual-normativa-de-cilindrada-para-vehiculos-de-transporte-publico-de-pasajeros\/","title":{"rendered":"SENADOR KUSANOVIC SOLICITA ACTUALIZAR ACTUAL NORMATIVA DE CILINDRADA PARA VEHICULOS DE TRANSPORTE PUBLICO DE PASAJEROS"},"content":{"rendered":"\n<p>Por unanimidad la sala del Senado aprob\u00f3 el proyecto de acuerdo, de autor\u00eda del senador<br>por Magallanes, Alejandro Kusanovic que solicita al ministro de Transportes y de<br>Telecomunicaciones, la revisi\u00f3n y actualizaci\u00f3n de las normas sobre la cilindrada y<br>potencia de motores de veh\u00edculos que se exige al transporte de pasajeros a trav\u00e9s del<br>Decreto N\u00b0 212, de dicha cartera. Lo anterior, debido a que en el marco de la entrada en<br>vigencia del Reglamento que regular\u00e1 a las empresas de aplicaci\u00f3n de transporte (Ley<br>EAT), ha trascendido que las autoridades de transporte buscaran igualar las condiciones<br>entre las empresas de aplicaciones de transporte y los taxis. Entre ellos, contar con una<br>cilindrada m\u00ednima de 1.500 cc (o 1400 cc. para un sedan), seg\u00fan estipula la norma vigente.<br>Requerimientos que para el senador por Magallanes \u201cest\u00e1n desfasados de los avances<br>tecnol\u00f3gicos que ha experimentado la industria automotriz, por lo que estamos<br>proponiendo, en vez de la cilindrada, incorporar un par\u00e1metro objetivo como es la<br>potencia del motor (HP), ya que con la aparici\u00f3n de sistemas de elevada relaci\u00f3n de<br>comprensi\u00f3n, sistemas turbo y de transmisiones m\u00e1s modernas, las empresas fabricantes<br>han disminuido las cilindradas de los motores, disminuyendo los costos, mejorando el<br>rendimiento de los combustibles y reduciendo su contaminaci\u00f3n con procesos m\u00e1s<br>eficientes\u201d.<br>Si bien el Reglamento de la Ley de Empresas de Aplicaciones de Transporte (Ley EAT) a\u00fan<br>est\u00e1 en elaboraci\u00f3n, seg\u00fan un estudio realizado recientemente por la Facultad de<br>Ingenier\u00eda de la Universidad Diego Portales, la Ley \u201cUber\u201d bajar\u00eda en promedio nacional<br>hasta en un 88% la disponibilidad de viajes y en la Regi\u00f3n de Magallanes disminuir\u00e1 hasta<br>un 93%, siendo Punta Arenas la comuna m\u00e1s afectada. Por lo que el integrante de la<br>Comisi\u00f3n de Transportes est\u00e1 preocupado por esta reducci\u00f3n y aclaro que \u201c de efectuarse<br>la actualizaci\u00f3n que proponemos, no solo asegurar\u00eda que contin\u00faen los viajes a trav\u00e9s de<br>las empresas de aplicaciones de transporte, los que en su mayor\u00eda no cumplen, ni<br>cumplir\u00edan con estas exigencias por el tipo de veh\u00edculo que utilizan, sino que tambi\u00e9n,<br>beneficiara a taxistas, minibuses y transporte privado de pasajeros quienes est\u00e1n<br>amarrados por esta norma obsoleta y les permitir\u00eda acceder a un est\u00e1ndar distinto al cual<br>cuentan hoy\u201d concluye Kusanovic.<\/p>\n","protected":false},"excerpt":{"rendered":"<p>Por unanimidad la sala del Senado aprob\u00f3 el proyecto de acuerdo, de autor\u00eda del senadorpor Magallanes, Alejandro Kusanovic que solicita al ministro de Transportes y deTelecomunicaciones, la revisi\u00f3n y actualizaci\u00f3n&#8230; <a class=\"read-more\" href=\"https:\/\/www.radiopresidenteibanez.cl\/web\/senador-kusanovic-solicita-actualizar-actual-normativa-de-cilindrada-para-vehiculos-de-transporte-publico-de-pasajeros\/\">Leer m\u00e1s<\/a><\/p>\n","protected":false},"author":2,"featured_media":43331,"comment_status":"closed","ping_status":"closed","sticky":false,"template":"","format":"standard","meta":{"footnotes":""},"categories":[1],"tags":[],"class_list":["post-43330","post","type-post","status-publish","format-standard","has-post-thumbnail","hentry","category-cronica"],"_links":{"self":[{"href":"https:\/\/www.radiopresidenteibanez.cl\/web\/wp-json\/wp\/v2\/posts\/43330","targetHints":{"allow":["GET"]}}],"collection":[{"href":"https:\/\/www.radiopresidenteibanez.cl\/web\/wp-json\/wp\/v2\/posts"}],"about":[{"href":"https:\/\/www.radiopresidenteibanez.cl\/web\/wp-json\/wp\/v2\/types\/post"}],"author":[{"embeddable":true,"href":"https:\/\/www.radiopresidenteibanez.cl\/web\/wp-json\/wp\/v2\/users\/2"}],"replies":[{"embeddable":true,"href":"https:\/\/www.radiopresidenteibanez.cl\/web\/wp-json\/wp\/v2\/comments?post=43330"}],"version-history":[{"count":0,"href":"https:\/\/www.radiopresidenteibanez.cl\/web\/wp-json\/wp\/v2\/posts\/43330\/revisions"}],"wp:featuredmedia":[{"embeddable":true,"href":"https:\/\/www.radiopresidenteibanez.cl\/web\/wp-json\/wp\/v2\/media\/43331"}],"wp:attachment":[{"href":"https:\/\/www.radiopresidenteibanez.cl\/web\/wp-json\/wp\/v2\/media?parent=43330"}],"wp:term":[{"taxonomy":"category","embeddable":true,"href":"https:\/\/www.radiopresidenteibanez.cl\/web\/wp-json\/wp\/v2\/categories?post=43330"},{"taxonomy":"post_tag","embeddable":true,"href":"https:\/\/www.radiopresidenteibanez.cl\/web\/wp-json\/wp\/v2\/tags?post=43330"}],"curies":[{"name":"wp","href":"https:\/\/api.w.org\/{rel}","templated":true}]}}