{"id":43327,"date":"2023-10-12T23:08:16","date_gmt":"2023-10-13T02:08:16","guid":{"rendered":"https:\/\/www.radiopresidenteibanez.cl\/web\/?p=43327"},"modified":"2023-10-12T23:08:28","modified_gmt":"2023-10-13T02:08:28","slug":"carta-abierta-al-embajador-de-israel-en-chile","status":"publish","type":"post","link":"https:\/\/www.radiopresidenteibanez.cl\/web\/carta-abierta-al-embajador-de-israel-en-chile\/","title":{"rendered":"CARTA ABIERTA AL EMBAJADOR DE ISRAEL EN CHILE."},"content":{"rendered":"\n<p>Por Irene Bronfman Faivovich, Periodista, ex Embajadora de Chile en Israel, Doble Master en Derecho Internacional y Derechos Humanos, Instituto Europeo Campus Stellae, para <a href=\"https:\/\/www.pressenza.com\/es\/\">https:\/\/www.pressenza.com\/es\/<\/a><\/p>\n\n\n\n<p>Con todo el respeto que me merece el Embajador de Israel en Chile, se\u00f1or Guy Artzyeli, a quien no tengo el gusto de conocer, me resulta inexplicable su reacci\u00f3n a las palabras emitidas por el Canciller chileno, Embajador Alberto Van Klaveren, a trav\u00e9s de su cuenta X, en relaci\u00f3n al actual conflicto que enfrenta al Estado de Israel con Hamas, el grupo terrorista que gobierna la Franja de Gaza.<br>Luego de una condena absoluta emitida por el Gobierno de Chile a los ataques de facciones armadas de Hamas contra pueblos y ciudades de Israel, en particular contra civiles y, tras el correr de las horas, durante las cuales la leg\u00edtima respuesta israel\u00ed se empez\u00f3 a vislumbrar, el Ministro Van Klaveren, responsablemente y siguiendo el estricto apego del Estado de Chile al Derecho Internacional y Humanitario, llam\u00f3 a las partes en conflicto a respetar sus normas, \u201ca\u00fan en el ejercicio de la leg\u00edtima defensa\u201d\u2026lo que vale tanto para \u00a8Hamas, la Yihad Isl\u00e1mica, el Estado de Israel y cualquier otro actor que intervenga en el conflicto\u00a8.<\/p>\n\n\n\n<p>Hasta en la guerra, se\u00f1or Embajador, hay normas de Derecho Internacional y Derecho Internacional Humanitario ante las cuales las partes en conflicto tienen y deben atenerse. Que una de las partes no lo haga no justifica, de ninguna manera, que la otra parte tenga que seguir igual conducta. Pedir, de la forma m\u00e1s correcta y respetuosa, que las partes de un conflicto armado se atengan a dicha normativa es lo correcto. Y enfatizar aqu\u00e9llo, a\u00fan cuando no se trate de partes en conflicto equivalentes, &nbsp;como lo hiciera el Canciller Van Klaveren,&nbsp; denota responsabilidad y cordura.<br>Incluso m\u00e1s. Ante la toma, por parte de Hamas, de m\u00e1s de un centenar de rehenes israel\u00edes el director regional de la Cruz Roja Internacional, Fabrizio Carboni, declar\u00f3: \u201cQuiero dejar claro que llevar a cabo, o amenazar con llevar a cabo, una acci\u00f3n de toma de rehenes est\u00e1 prohibido bajo el Derecho Internacional Humanitario\u2026 Cualquier detenido, incluidos combatientes, deben ser tratados con humanidad y dignidad. Todas las partes deben respetar sus obligaciones bajo el Derecho Humanitario. Esto no es negociable\u201d.&nbsp; Lo expresado ah\u00ed, a mi juicio, cabe tambi\u00e9n para el trato que Israel d\u00e9 a los combatientes de Hamas que ha cogido prisioneros. Me pregunto si el Embajador<br>Artzyeli cuestionar\u00e1 a la Cruz Roja Internacional, por haber considerado a Hamas una de las dos partes involucradas en este terrible conflicto.<br>Es cierto&nbsp; que el ataque que ha sufrido y sigue sufriendo Israel desde la madrugada del s\u00e1bado 7 de octubre pasado, por parte de facciones armadas del grupo terrorista Hamas, ha sido terrible. Y terrible han sido sus consecuencias en&nbsp; v\u00edctimas fatales,&nbsp; en el m\u00e1s del millar de heridos y en decenas, se dice, de rehenes &nbsp;(vivos o muertos) trasladados a Gaza con la intenci\u00f3n de utilizarlos como cartas de negociaci\u00f3n. La tragedia que se ha cernido sobre Israel&nbsp; tiene s\u00f3lo un antecedente en la corta historia de esta naci\u00f3n: la guerra de Yom Kippur, hace 50 a\u00f1os y algunos d\u00edas. Conflicto armado que, como el actual, sorprendi\u00f3 al pa\u00eds (aunque no a sus &nbsp;m\u00e1s altos estamentos civiles y militares) y cuyos resabios permanecen en la memoria colectiva hasta el d\u00eda de hoy.<br>Pero, se\u00f1or Embajador, que gente fan\u00e1tica, con tanta rabia, con tanto rencor acumulado, con tanta barbarie, rompa barreras&nbsp; aparentemente inquebrantables,&nbsp; como las que separan Gaza de Israel, y entre a territorio enemigo, ataque civiles y los masacre, como sucedi\u00f3 en algunas partes, no significa que Israel \u2013 o cualquier otro pa\u00eds del mundo que sufra una situaci\u00f3n semejante- tenga el \u201cderecho\u201d de replicar sin consideraci\u00f3n al Derecho Humanitario.<br>Hamas, se\u00f1or Embajador, no es una entelequia. Es, ciertamente, un grupo fundamentalista isl\u00e1mico y terrorista de temer, que ha cultivado la rabia y el odio que se ha ido acumulando por muchos a\u00f1os en el seno de una poblaci\u00f3n, palestina, que se siente abandonada. Su existencia y fortaleza no es el resultado del azar. Olvidarse de lo que es el enclave de Gaza y de sus 2 y m\u00e1s millones de seres humanos, que viven atrapados en el lugar m\u00e1s densamente poblado de la Tierra y bajo las leyes del gobierno de Israel, que cuando se le ocurre o considera pertinente les abre o cierra la luz, el agua o la provisi\u00f3n de alimentos. Que cuando quiere mostrarse tolerante ampl\u00eda los permisos de trabajo o accede el paso a sus enfermos hacia hospitales israel\u00edes\u2026 Olvidarse de todo aqu\u00e9llo y pensar que la fortaleza de Hamas proviene s\u00f3lo de sus postulados fundamentalistas e isl\u00e1micos, es errar en el an\u00e1lisis. Esa visi\u00f3n es simplista e impide percibir el enorme resentimiento que, durante a\u00f1os, ha ido germinando en la poblaci\u00f3n palestina de la mano de pol\u00edticas israel\u00edes arrogantes, discriminatorias y displicentes. Todo lo anterior, caldo de cultivo, sin<br>duda alguna, para su reclutamiento por parte de fuerzas geopol\u00edticas como Ir\u00e1n, cuyos intereses van mucho m\u00e1s all\u00e1 de las&nbsp;&nbsp;demandas&nbsp; que pudieron, alguna vez. haber convencido a las bases de un movimiento como Hamas.<br>No est\u00e1 de dem\u00e1s, aqu\u00ed, reflexionar. Cuando ni\u00f1os palestinos, en los territorios de la Autoridad Palestina, o Estado de Palestina, desde 1988,&nbsp; ven sus hogares aplastados por tanques y gr\u00faas israel\u00edes, porque sus padres o uno de sus hermanos, o alguno de sus t\u00edos u otro familiar directo o&nbsp; indirecto estuvo involucrado en acciones violentas contra israel\u00edes; cuando ven los escombros de lo que fue su hogar, cuando ven a sus madres y hermanas humilladas y maltratadas.<br>Cuando son testigos de la violencia de un ej\u00e9rcito israel\u00ed que entra a polvo y&nbsp; fuego, con el \u00fanico fin de destruir\u2026. una especie de Fauda, se\u00f1or Embajador, que ha impresionado a tantos pa\u00edses del mundo\u2026cuando \u00e9so se gesta, no se puede NO esperar una respuesta. Aunque no son parte de la franja de Gaza, esos ni\u00f1os crecen, se desarrollan, piensan\u2026 Y esos ni\u00f1os de repente se dan cuenta que no tienen oportunidad en la vida; que est\u00e1n atrapados en una realidad que no les gusta. Unirse o colaborar con Hamas es tentador.<br>Por razones personales, llevo viviendo entre Chile e Israel desde hace ya 17 a\u00f1os. Llegu\u00e9 a Israel como Embajadora de Chile, bajo el primer gobierno de la Presidenta Michelle Bachelet, a qui\u00e9n, hasta el d\u00eda de hoy, agradezco la nominaci\u00f3n por lo que&nbsp; he aprendido, no s\u00f3lo de pol\u00edtica internacional sino, fundamentalmente, en materia de humanismo y derechos humanos.&nbsp; En el curso de estos a\u00f1os, me ha tocado vivir unas cuantas guerras y, de cuando en cuando,&nbsp; sigo corriendo al refugio antia\u00e9reo que, por suerte, tengo en mi departamento. No todos los israel\u00edes los tienen, se\u00f1or Embajador. Hay israel\u00edes, pueblos beduinos cercanos a Gaza, que en estos pocos d\u00edas de verdadero salvajismo no han tenido d\u00f3nde refugiarse. Muchos han muerto. Otros son parte de los rehenes.<\/p>\n\n\n\n<p>Hay granjas colectivas (conocidas en hebreo como\u00a0 kibutziim y moshavim) cercanos al borde con Gaza, cuyos habitantes fueron las primeras v\u00edctimas del ataque y que debieron esperar horas para recibir el respaldo que merec\u00edan \u00bfPor qu\u00e9? Por una parte, por una persistente interpretaci\u00f3n err\u00f3nea del sentir local y, por otra parte, porque el gobierno israel\u00ed actual, pleno de fan\u00e1ticos ultranacionalistas, est\u00e1 concentrado en proteger a los suyos, un grupo de exaltados y pseudoiluminados jud\u00edos, los \u201ccolonos\u201d, que se empe\u00f1a en extender el dominio israel\u00ed en los territorios ocupados de Cisjordania. Y enfatizo el t\u00e9rmino \u201ccolonos\u201d, porque justamente en estos d\u00edas hay una pel\u00edcula<br>chilena \u00a0-Los Colonos, presentada recientemente en el Festival Internacional de Cine de Haifa y muy posiblemente candidata al premio Oscar, en la categor\u00eda de mejor pel\u00edcula extranjera \u2013 que muestra muy bien, y muy dram\u00e1ticamente, lo que signific\u00f3, en la historia de la creaci\u00f3n de la naci\u00f3n chilena, la aventura colonial.<br>Estimado se\u00f1or Embajador Artzyeli, por suerte para nosotros, el pueblo jud\u00edo, hoy no s\u00f3lo contamos con el Derecho Internacional Humanitario sino, tambi\u00e9n, con un pa\u00eds, una naci\u00f3n que surgi\u00f3 de otros escombros\u2026 Nuestra historia, la de nuestros ancestros, plagada de principios y valores b\u00e1sicos de humanidad, es la que debe guiarnos y nos debiera diferenciar. Yo digo S\u00ed a la leg\u00edtima defensa. No al Ojo por Ojo.<\/p>\n","protected":false},"excerpt":{"rendered":"<p>Por Irene Bronfman Faivovich, Periodista, ex Embajadora de Chile en Israel, Doble Master en Derecho Internacional y Derechos Humanos, Instituto Europeo Campus Stellae, para https:\/\/www.pressenza.com\/es\/ Con todo el respeto que&#8230; <a class=\"read-more\" href=\"https:\/\/www.radiopresidenteibanez.cl\/web\/carta-abierta-al-embajador-de-israel-en-chile\/\">Leer m\u00e1s<\/a><\/p>\n","protected":false},"author":2,"featured_media":43328,"comment_status":"closed","ping_status":"closed","sticky":false,"template":"","format":"standard","meta":{"footnotes":""},"categories":[73,117],"tags":[],"class_list":["post-43327","post","type-post","status-publish","format-standard","has-post-thumbnail","hentry","category-columna-opinion","category-derechos-humanos"],"_links":{"self":[{"href":"https:\/\/www.radiopresidenteibanez.cl\/web\/wp-json\/wp\/v2\/posts\/43327","targetHints":{"allow":["GET"]}}],"collection":[{"href":"https:\/\/www.radiopresidenteibanez.cl\/web\/wp-json\/wp\/v2\/posts"}],"about":[{"href":"https:\/\/www.radiopresidenteibanez.cl\/web\/wp-json\/wp\/v2\/types\/post"}],"author":[{"embeddable":true,"href":"https:\/\/www.radiopresidenteibanez.cl\/web\/wp-json\/wp\/v2\/users\/2"}],"replies":[{"embeddable":true,"href":"https:\/\/www.radiopresidenteibanez.cl\/web\/wp-json\/wp\/v2\/comments?post=43327"}],"version-history":[{"count":0,"href":"https:\/\/www.radiopresidenteibanez.cl\/web\/wp-json\/wp\/v2\/posts\/43327\/revisions"}],"wp:featuredmedia":[{"embeddable":true,"href":"https:\/\/www.radiopresidenteibanez.cl\/web\/wp-json\/wp\/v2\/media\/43328"}],"wp:attachment":[{"href":"https:\/\/www.radiopresidenteibanez.cl\/web\/wp-json\/wp\/v2\/media?parent=43327"}],"wp:term":[{"taxonomy":"category","embeddable":true,"href":"https:\/\/www.radiopresidenteibanez.cl\/web\/wp-json\/wp\/v2\/categories?post=43327"},{"taxonomy":"post_tag","embeddable":true,"href":"https:\/\/www.radiopresidenteibanez.cl\/web\/wp-json\/wp\/v2\/tags?post=43327"}],"curies":[{"name":"wp","href":"https:\/\/api.w.org\/{rel}","templated":true}]}}