{"id":43324,"date":"2023-10-12T18:26:00","date_gmt":"2023-10-12T21:26:00","guid":{"rendered":"https:\/\/www.radiopresidenteibanez.cl\/web\/?p=43324"},"modified":"2023-10-12T15:34:24","modified_gmt":"2023-10-12T18:34:24","slug":"inersa-renueva-el-suministro-de-energia-en-villa-tehuelches","status":"publish","type":"post","link":"https:\/\/www.radiopresidenteibanez.cl\/web\/inersa-renueva-el-suministro-de-energia-en-villa-tehuelches\/","title":{"rendered":"INERSA RENUEVA EL SUMINISTRO DE ENERGIA EN VILLA TEHUELCHES"},"content":{"rendered":"\n<p>La filial de Empresas GASCO S.A., Inersa, inici\u00f3 la operaci\u00f3n de suministro de energ\u00eda el\u00e9ctrica en Villa Tehuelches, regi\u00f3n de Magallanes, en reemplazo de di\u00e9sel para reducir costos y las interrupciones que generaba la anterior instalaci\u00f3n.<\/p>\n\n\n\n<p>La puesta en marcha de los dos generadores de 200 KVA a gas natural, permitir\u00e1 a las m\u00e1s de 50 familias de la localidad ver una mejora en su calidad de vida, al poder utilizar sus artefactos el\u00e9ctricos sin riesgo de sufrir interrupci\u00f3n.<\/p>\n\n\n\n<p>Adicionalmente, el cambio de combustible permitir\u00e1 un ahorro en el municipio, lo que llevar\u00e1 a una mejor redistribuci\u00f3n de recursos en la comunidad, como tambi\u00e9n, a la reducci\u00f3n de las emisiones contaminantes en m\u00e1s de 20% para el CO2 y en m\u00e1s de 90% para el material particulado, impactando directamente en la calidad de vida de las familias de la localidad perteneciente a la comuna de Laguna Blanca.<\/p>\n\n\n\n<p>\u201cEsta noticia nos llena de orgullo, de poder seguir avanzando hacia una matriz energ\u00e9tica m\u00e1s limpia y eficiente. El anterior equipo ten\u00eda ya ocho a\u00f1os de operaci\u00f3n con un combustible m\u00e1s contaminante como es el di\u00e9sel, por lo que en muchas ocasiones generaba interrupciones en el suministro energ\u00e9tico. Es una satisfacci\u00f3n inmensa para nosotros beneficiar a la poblaci\u00f3n de Magallanes\u201d se\u00f1al\u00f3 el gerente general de Inersa, Ignacio Mir.<\/p>\n\n\n\n<p>El sistema incluye un tablero de transferencia autom\u00e1tica para conmutar los equipos, por lo que siempre operar\u00e1 uno de los equipos con el otro de respaldo, minimizando la posibilidad de interrupci\u00f3n del suministro.<\/p>\n\n\n\n<p>El presidente de Empresas GASCO, Mat\u00edas P\u00e9rez C. y el gerente general, Cristi\u00e1n Aguirre G., asistieron a la puesta en marcha de los equipos junto al Gobernador de Magallanes, Jorge Flies y el alcalde de Laguna Blanca, Bernardo Ojeda.<\/p>\n\n\n\n<p>\u201cEstamos muy contentos de poder cumplir este compromiso. Uno de los elementos fundamentales que nos manifest\u00f3 la comuna al inicio de nuestra gesti\u00f3n fue poder renovar su generaci\u00f3n el\u00e9ctrica. Con este proyecto pudimos cambiar a un motor a gas natural reduciendo la contaminaci\u00f3n y el costo de operaci\u00f3n\u201d destac\u00f3 el Gobernador Jorge Flies.<\/p>\n\n\n\n<p>\u201cUno de nuestros compromisos era resolver el tema de los servicios b\u00e1sicos y hoy estamos cumpliendo. El recambio de los generadores nos ayudar\u00e1 econ\u00f3micamente como municipio lo que nos permitir\u00e1 invertir en otras \u00e1reas\u201d coment\u00f3 el alcalde de Laguna Blanca, Fernando Ojeda.<\/p>\n\n\n\n<p>El proyecto es el resultado de la adjudicaci\u00f3n, en marzo de 2023, de una licitaci\u00f3n p\u00fablica del Gobierno Regional de Magallanes y de la Ant\u00e1rtica Chilena, a la Uni\u00f3n Temporal de Proveedores entre Inersa y Navitas.<\/p>\n","protected":false},"excerpt":{"rendered":"<p>La filial de Empresas GASCO S.A., Inersa, inici\u00f3 la operaci\u00f3n de suministro de energ\u00eda el\u00e9ctrica en Villa Tehuelches, regi\u00f3n de Magallanes, en reemplazo de di\u00e9sel para reducir costos y las&#8230; <a class=\"read-more\" href=\"https:\/\/www.radiopresidenteibanez.cl\/web\/inersa-renueva-el-suministro-de-energia-en-villa-tehuelches\/\">Leer m\u00e1s<\/a><\/p>\n","protected":false},"author":2,"featured_media":43325,"comment_status":"closed","ping_status":"closed","sticky":false,"template":"","format":"standard","meta":{"footnotes":""},"categories":[1],"tags":[],"class_list":["post-43324","post","type-post","status-publish","format-standard","has-post-thumbnail","hentry","category-cronica"],"_links":{"self":[{"href":"https:\/\/www.radiopresidenteibanez.cl\/web\/wp-json\/wp\/v2\/posts\/43324","targetHints":{"allow":["GET"]}}],"collection":[{"href":"https:\/\/www.radiopresidenteibanez.cl\/web\/wp-json\/wp\/v2\/posts"}],"about":[{"href":"https:\/\/www.radiopresidenteibanez.cl\/web\/wp-json\/wp\/v2\/types\/post"}],"author":[{"embeddable":true,"href":"https:\/\/www.radiopresidenteibanez.cl\/web\/wp-json\/wp\/v2\/users\/2"}],"replies":[{"embeddable":true,"href":"https:\/\/www.radiopresidenteibanez.cl\/web\/wp-json\/wp\/v2\/comments?post=43324"}],"version-history":[{"count":0,"href":"https:\/\/www.radiopresidenteibanez.cl\/web\/wp-json\/wp\/v2\/posts\/43324\/revisions"}],"wp:featuredmedia":[{"embeddable":true,"href":"https:\/\/www.radiopresidenteibanez.cl\/web\/wp-json\/wp\/v2\/media\/43325"}],"wp:attachment":[{"href":"https:\/\/www.radiopresidenteibanez.cl\/web\/wp-json\/wp\/v2\/media?parent=43324"}],"wp:term":[{"taxonomy":"category","embeddable":true,"href":"https:\/\/www.radiopresidenteibanez.cl\/web\/wp-json\/wp\/v2\/categories?post=43324"},{"taxonomy":"post_tag","embeddable":true,"href":"https:\/\/www.radiopresidenteibanez.cl\/web\/wp-json\/wp\/v2\/tags?post=43324"}],"curies":[{"name":"wp","href":"https:\/\/api.w.org\/{rel}","templated":true}]}}