{"id":43321,"date":"2023-10-12T16:55:00","date_gmt":"2023-10-12T19:55:00","guid":{"rendered":"https:\/\/www.radiopresidenteibanez.cl\/web\/?p=43321"},"modified":"2023-10-12T15:23:50","modified_gmt":"2023-10-12T18:23:50","slug":"servicio-medico-legal-forma-en-medicina-legal-a-45-futuros-medicos-en-convenio-docente-con-umag","status":"publish","type":"post","link":"https:\/\/www.radiopresidenteibanez.cl\/web\/servicio-medico-legal-forma-en-medicina-legal-a-45-futuros-medicos-en-convenio-docente-con-umag\/","title":{"rendered":"SERVICIO MEDICO LEGAL FORMA EN MEDICINA LEGAL A 45 FUTUROS M\u00c9DICOS EN CONVENIO DOCENTE CON UMAG"},"content":{"rendered":"\n<p>Como instituci\u00f3n dependiente del Ministerio de Justicia y Derechos Humanos, el Servicio M\u00e9dico Legal (SML) viene desarrollando hace siete a\u00f1os un particular v\u00ednculo acad\u00e9mico con estudiantes de cuarto a\u00f1o de la carrera de Medicina de la Universidad de Magallanes (UMAG), en virtud de un convenio marco de colaboraci\u00f3n docente que brinda operatividad a una modalidad de pasant\u00eda con la casa de estudios regional.<\/p>\n\n\n\n<p>Se trata de un m\u00f3dulo acad\u00e9mico inserto en la asignatura de Medicina Legal, que se traduce en una semana de inducci\u00f3n (a lo largo del octavo semestre lectivo), a trav\u00e9s de una instancia te\u00f3rico-pr\u00e1ctica que incorpora aspectos de salud mental, tanatolog\u00eda, cl\u00ednica (sexolog\u00eda forense) y laboratorio (toxicolog\u00eda).<\/p>\n\n\n\n<p>As\u00ed lo destac\u00f3 el Director Regional del servicio, Dr. Ren\u00e9 Castro Lillo, quien recibi\u00f3 esta semana a un nuevo grupo de cinco estudiantes (de un curso de 45 en total), quienes se alternan durante el proceso, desarrollando actividades a trav\u00e9s de la modalidad de metodolog\u00edas activas de aprendizaje, en la sede regional del servicio. El profesional valor\u00f3 la relaci\u00f3n interinstitucional con la UMAG, cuyo convenio vigente les permite como referente t\u00e9cnico especializado potenciar tambi\u00e9n el posicionamiento acad\u00e9mico en materia m\u00e9dico legal y ciencias forenses.<\/p>\n\n\n\n<p>El Dr. Castro resalt\u00f3 el dise\u00f1o de una experiencia acad\u00e9mica integral enfocada a los estudiantes de medicina de la UMAG, \u00fanica en regiones, al consolidar y poner en valor los conocimientos y experiencia de sus profesionales, peritos y t\u00e9cnicos y administrativos de las cuatro \u00e1reas periciales. Destac\u00f3 que esta modalidad de aprendizaje permite a los j\u00f3venes pasantes estimular la discusi\u00f3n, el an\u00e1lisis y el trabajo en equipo, plasmado esto en un caso cl\u00ednico simulado, cuya resoluci\u00f3n apelar\u00e1 a todos los aprendizajes incorporados en este proceso.<\/p>\n\n\n\n<p>Una positiva opini\u00f3n de esta iniciativa, expresaron los y las estudiantes participantes, subrayando el recibir un aprendizaje en distintas \u00e1reas en una infraestructura moderna, grata y luminosa. Amanda Morales Saa, estudiante de Porvenir, se\u00f1al\u00f3 que ten\u00edan una visi\u00f3n preconcebida \u201cm\u00e1s sombr\u00eda\u201d de este servicio, en base a pel\u00edculas o series, encontr\u00e1ndose aqu\u00ed con un verdadero quir\u00f3fano en la sala de autopsias y \u201cbien iluminado\u201d. Se mostr\u00f3 interesada tambi\u00e9n en este campo de acci\u00f3n: <em>\u201csiempre me ha llamado la atenci\u00f3n el trabajo que se hace, la investigaci\u00f3n, el c\u00f3mo con pruebas histol\u00f3gicas uno puede llegar a un diagn\u00f3stico post mortem\u201d.<\/em><\/p>\n\n\n\n<p>Francisca M\u00e9ndez Castillo, procedente de Los \u00c1ngeles (Regi\u00f3n del Biob\u00edo), destac\u00f3 el acceder a una visi\u00f3n completamente distinta de la medicina, <em>\u201cun mundo totalmente paralelo que jam\u00e1s imaginamos de esta manera, uno est\u00e1 acostumbrado al paciente y a la familia. Y ahora estamos como del otro lado, de qu\u00e9 pas\u00f3 despu\u00e9s o en tal lugar. Muchas veces ac\u00e1 se les dan respuesta a ciertos sucesos que no las tienen. Me llama mucho la atenci\u00f3n igual el tema como de buscar respuestas donde no las hay o donde nunca estuvieron\u201d.<\/em> Por su parte, el Dr. Ren\u00e9 Castro se mostr\u00f3 gratamente complacido por el desarrollo que ha significado para su servicio a nivel regional esta vinculaci\u00f3n con el mundo acad\u00e9mico, vi\u00e9ndose tambi\u00e9n beneficiados con el inter\u00e9s de estudiantes de internado, de s\u00e9ptimo a\u00f1o de medicina, que han optado por desarrollar actividades formativas durante un mes en la Unidad de Tanatolog\u00eda de su sede regional, experiencia que esperan que se pueda repetir en un futuro cercano<\/p>\n","protected":false},"excerpt":{"rendered":"<p>Como instituci\u00f3n dependiente del Ministerio de Justicia y Derechos Humanos, el Servicio M\u00e9dico Legal (SML) viene desarrollando hace siete a\u00f1os un particular v\u00ednculo acad\u00e9mico con estudiantes de cuarto a\u00f1o de&#8230; <a class=\"read-more\" href=\"https:\/\/www.radiopresidenteibanez.cl\/web\/servicio-medico-legal-forma-en-medicina-legal-a-45-futuros-medicos-en-convenio-docente-con-umag\/\">Leer m\u00e1s<\/a><\/p>\n","protected":false},"author":2,"featured_media":43322,"comment_status":"closed","ping_status":"closed","sticky":false,"template":"","format":"standard","meta":{"footnotes":""},"categories":[1],"tags":[],"class_list":["post-43321","post","type-post","status-publish","format-standard","has-post-thumbnail","hentry","category-cronica"],"_links":{"self":[{"href":"https:\/\/www.radiopresidenteibanez.cl\/web\/wp-json\/wp\/v2\/posts\/43321","targetHints":{"allow":["GET"]}}],"collection":[{"href":"https:\/\/www.radiopresidenteibanez.cl\/web\/wp-json\/wp\/v2\/posts"}],"about":[{"href":"https:\/\/www.radiopresidenteibanez.cl\/web\/wp-json\/wp\/v2\/types\/post"}],"author":[{"embeddable":true,"href":"https:\/\/www.radiopresidenteibanez.cl\/web\/wp-json\/wp\/v2\/users\/2"}],"replies":[{"embeddable":true,"href":"https:\/\/www.radiopresidenteibanez.cl\/web\/wp-json\/wp\/v2\/comments?post=43321"}],"version-history":[{"count":0,"href":"https:\/\/www.radiopresidenteibanez.cl\/web\/wp-json\/wp\/v2\/posts\/43321\/revisions"}],"wp:featuredmedia":[{"embeddable":true,"href":"https:\/\/www.radiopresidenteibanez.cl\/web\/wp-json\/wp\/v2\/media\/43322"}],"wp:attachment":[{"href":"https:\/\/www.radiopresidenteibanez.cl\/web\/wp-json\/wp\/v2\/media?parent=43321"}],"wp:term":[{"taxonomy":"category","embeddable":true,"href":"https:\/\/www.radiopresidenteibanez.cl\/web\/wp-json\/wp\/v2\/categories?post=43321"},{"taxonomy":"post_tag","embeddable":true,"href":"https:\/\/www.radiopresidenteibanez.cl\/web\/wp-json\/wp\/v2\/tags?post=43321"}],"curies":[{"name":"wp","href":"https:\/\/api.w.org\/{rel}","templated":true}]}}