{"id":43318,"date":"2023-10-12T15:37:00","date_gmt":"2023-10-12T18:37:00","guid":{"rendered":"https:\/\/www.radiopresidenteibanez.cl\/web\/?p=43318"},"modified":"2023-10-12T15:19:35","modified_gmt":"2023-10-12T18:19:35","slug":"primera-generacion-de-tecnicos-en-enfermeria-del-cft-magallanes-recibio-su-investidura-en-porvenir","status":"publish","type":"post","link":"https:\/\/www.radiopresidenteibanez.cl\/web\/primera-generacion-de-tecnicos-en-enfermeria-del-cft-magallanes-recibio-su-investidura-en-porvenir\/","title":{"rendered":"PRIMERA GENERACION DE TECNICOS EN ENFERMERIA DEL CFT MAGALLANES RECIBIO SU INVESTIDURA EN PORVENIR"},"content":{"rendered":"\n<p>28 estudiantes de la primera generaci\u00f3n de t\u00e9cnicos en enfermer\u00eda del Centro de Formaci\u00f3n T\u00e9cnica de Magallanes, recibieron su investidura en la Comuna de Porvenir.<\/p>\n\n\n\n<p>Caber recordar que, en noviembre del a\u00f1o pasado, Ricardo Contreras, en calidad de director subrogante del Servicio de Salud de Magallanes; y el rector del CFT, Christian Quezada, firmaron un convenio que permiti\u00f3 que funcionarios del Hospital de Porvenir reciban formaci\u00f3n al abrir la Carrera de T\u00e9cnico en Enfermer\u00eda de Nivel Superior.<\/p>\n\n\n\n<p>\u201cQuiero felicitar a los j\u00f3venes que ingresaron a esta carrera, a las familias. Ahora comienza el tr\u00e1nsito de la parte te\u00f3rica a la parte pr\u00e1ctica y poder terminar el pr\u00f3ximo a\u00f1o su carrera. As\u00ed que felicidades para todos los que emprendieron este camino\u201d, mencion\u00f3 el alcalde de la comuna, Jos\u00e9 Gabriel Parada.<\/p>\n\n\n\n<p>El edil tambi\u00e9n valor\u00f3 que \u201cel hecho de poder estudiar aqu\u00ed mismo en Porvenir\u201d significa \u201cuna ventaja comparativa\u00bb. En referencia a los trabajadores del hospital, recalc\u00f3 la relevancia de que exista para ellos posibilidad de trabajar y estudiar de forma simult\u00e1nea.<\/p>\n\n\n\n<p>Jos\u00e9 Miguel Campos Prieto, rector suplente del Centro de Formaci\u00f3n T\u00e9cnica de la Regi\u00f3n de Magallanes y la Ant\u00e1rtica Chilena, indic\u00f3 que la implementaci\u00f3n de la carrera \u201cfue un desaf\u00edo institucional\u00bb.<\/p>\n\n\n\n<p>Adem\u00e1s, relat\u00f3 que la solicitud de abrir la carrera vino desde el propio hospital. Sin embargo, ante el \u00e9xito de esta primera generaci\u00f3n, Campos abri\u00f3 la posibilidad de \u201cabrir una segunda secci\u00f3n\u00bb en modo vespertino, \u00abpara el pr\u00f3ximo a\u00f1o, porque, seg\u00fan nuestro an\u00e1lisis, necesitamos una treintena de t\u00e9cnicos m\u00e1s\u201d.<\/p>\n\n\n\n<p>Por su parte, una de las asistentes que recibi\u00f3 su investidura, Marisa Gonz\u00e1lez Silva, coment\u00f3 estar \u201cmuy contenta por m\u00ed y por mis compa\u00f1eros. Yo soy funcionaria del hospital y hace mucho tiempo necesitamos este material humano para poder trabajar bien, porque en la pandemia nos dimos cuenta que hab\u00eda mucha escasez de t\u00e9cnicos en enfermer\u00eda\u201d.<\/p>\n","protected":false},"excerpt":{"rendered":"<p>28 estudiantes de la primera generaci\u00f3n de t\u00e9cnicos en enfermer\u00eda del Centro de Formaci\u00f3n T\u00e9cnica de Magallanes, recibieron su investidura en la Comuna de Porvenir. Caber recordar que, en noviembre&#8230; <a class=\"read-more\" href=\"https:\/\/www.radiopresidenteibanez.cl\/web\/primera-generacion-de-tecnicos-en-enfermeria-del-cft-magallanes-recibio-su-investidura-en-porvenir\/\">Leer m\u00e1s<\/a><\/p>\n","protected":false},"author":2,"featured_media":43319,"comment_status":"closed","ping_status":"closed","sticky":false,"template":"","format":"standard","meta":{"footnotes":""},"categories":[1],"tags":[],"class_list":["post-43318","post","type-post","status-publish","format-standard","has-post-thumbnail","hentry","category-cronica"],"_links":{"self":[{"href":"https:\/\/www.radiopresidenteibanez.cl\/web\/wp-json\/wp\/v2\/posts\/43318","targetHints":{"allow":["GET"]}}],"collection":[{"href":"https:\/\/www.radiopresidenteibanez.cl\/web\/wp-json\/wp\/v2\/posts"}],"about":[{"href":"https:\/\/www.radiopresidenteibanez.cl\/web\/wp-json\/wp\/v2\/types\/post"}],"author":[{"embeddable":true,"href":"https:\/\/www.radiopresidenteibanez.cl\/web\/wp-json\/wp\/v2\/users\/2"}],"replies":[{"embeddable":true,"href":"https:\/\/www.radiopresidenteibanez.cl\/web\/wp-json\/wp\/v2\/comments?post=43318"}],"version-history":[{"count":0,"href":"https:\/\/www.radiopresidenteibanez.cl\/web\/wp-json\/wp\/v2\/posts\/43318\/revisions"}],"wp:featuredmedia":[{"embeddable":true,"href":"https:\/\/www.radiopresidenteibanez.cl\/web\/wp-json\/wp\/v2\/media\/43319"}],"wp:attachment":[{"href":"https:\/\/www.radiopresidenteibanez.cl\/web\/wp-json\/wp\/v2\/media?parent=43318"}],"wp:term":[{"taxonomy":"category","embeddable":true,"href":"https:\/\/www.radiopresidenteibanez.cl\/web\/wp-json\/wp\/v2\/categories?post=43318"},{"taxonomy":"post_tag","embeddable":true,"href":"https:\/\/www.radiopresidenteibanez.cl\/web\/wp-json\/wp\/v2\/tags?post=43318"}],"curies":[{"name":"wp","href":"https:\/\/api.w.org\/{rel}","templated":true}]}}