{"id":43315,"date":"2023-10-12T14:13:00","date_gmt":"2023-10-12T17:13:00","guid":{"rendered":"https:\/\/www.radiopresidenteibanez.cl\/web\/?p=43315"},"modified":"2023-10-12T11:48:14","modified_gmt":"2023-10-12T14:48:14","slug":"mas-de-cuarenta-pacientes-oncologicos-recibieron-asesoria-nutricional-con-moderna-tecnologia","status":"publish","type":"post","link":"https:\/\/www.radiopresidenteibanez.cl\/web\/mas-de-cuarenta-pacientes-oncologicos-recibieron-asesoria-nutricional-con-moderna-tecnologia\/","title":{"rendered":"MAS DE CUARENTA PACIENTES ONCOLOGICOS RECIBIERON ASESORIA NUTRICIONAL CON MODERNA TECNOLOGIA"},"content":{"rendered":"\n<p>Gracias a la incorporaci\u00f3n de nueva y moderna tecnolog\u00eda a la Unidad de Nutrici\u00f3n y Alimentaci\u00f3n del Hospital Cl\u00ednico de Magallanes (HCM), es que se llev\u00f3 a cabo la evaluaci\u00f3n nutricional de 41 usuarios y usuarias de radioterapia. El bioimpedanciometro el\u00e9ctrico, es un monitor que analiza la composici\u00f3n corporal del paciente, informaci\u00f3n que posteriormente es utilizada para una \u00f3ptima elaboraci\u00f3n de pauta nutricional.<\/p>\n\n\n\n<p>Eduardo Manzo, nutricionista del HCM, enfatiz\u00f3 en la importancia que tienen las mediciones del nuevo equipo para una mejor calidad en la atenci\u00f3n de las y los usuarios. \u201cCuando nosotros pesamos al paciente, no tenemos informaci\u00f3n sobre qu\u00e9 parte del peso corresponde a masa muscular, masa grasa y agua; esta m\u00e1quina va m\u00e1s a fondo a trav\u00e9s de corriente el\u00e9ctrica y estima la composici\u00f3n corporal, lo que nos permite una evaluaci\u00f3n un poco m\u00e1s profunda para ayudarlo en su terapia y recuperaci\u00f3n\u201d, detall\u00f3 el profesional.<\/p>\n\n\n\n<p>La utilizaci\u00f3n del nuevo equipamiento comenz\u00f3 con usuarios del CR. de Oncolog\u00eda debido al alto riesgo nutricional de los mismos, por su propio diagn\u00f3stico de c\u00e1ncer y por los tratamientos a los que se someten. Sin embargo, su uso tambi\u00e9n es aplicable en salas de hospitalizaci\u00f3n y atenci\u00f3n ambulatoria.<\/p>\n\n\n\n<p>\u201cEstuvimos trabajando alrededor de 9-12 d\u00edas y pudimos atender a m\u00e1s de 40 pacientes y fue un mix entre paciente con el diagn\u00f3stico reciente que van a iniciar su ciclo de radioterapia, pacientes en tratamiento y otros que est\u00e1n en seguimiento\u201d, se\u00f1al\u00f3 Melisa Paredes, nutricionista del establecimiento. &nbsp;<\/p>\n\n\n\n<p>A sus 65 a\u00f1os de edad, Myriam Vera super\u00f3 el c\u00e1ncer y se encuentra en su per\u00edodo de monitoreo post tratamiento. \u201cFue una evaluaci\u00f3n bastante buena y completa, generalmente un nutricionista no hace tantas preguntas pero estuvo bien buena porque me aclar\u00f3 varias cosas\u201d, declar\u00f3 despu\u00e9s de su atenci\u00f3n nutricional.<\/p>\n","protected":false},"excerpt":{"rendered":"<p>Gracias a la incorporaci\u00f3n de nueva y moderna tecnolog\u00eda a la Unidad de Nutrici\u00f3n y Alimentaci\u00f3n del Hospital Cl\u00ednico de Magallanes (HCM), es que se llev\u00f3 a cabo la evaluaci\u00f3n&#8230; <a class=\"read-more\" href=\"https:\/\/www.radiopresidenteibanez.cl\/web\/mas-de-cuarenta-pacientes-oncologicos-recibieron-asesoria-nutricional-con-moderna-tecnologia\/\">Leer m\u00e1s<\/a><\/p>\n","protected":false},"author":2,"featured_media":43316,"comment_status":"closed","ping_status":"closed","sticky":false,"template":"","format":"standard","meta":{"footnotes":""},"categories":[1],"tags":[],"class_list":["post-43315","post","type-post","status-publish","format-standard","has-post-thumbnail","hentry","category-cronica"],"_links":{"self":[{"href":"https:\/\/www.radiopresidenteibanez.cl\/web\/wp-json\/wp\/v2\/posts\/43315","targetHints":{"allow":["GET"]}}],"collection":[{"href":"https:\/\/www.radiopresidenteibanez.cl\/web\/wp-json\/wp\/v2\/posts"}],"about":[{"href":"https:\/\/www.radiopresidenteibanez.cl\/web\/wp-json\/wp\/v2\/types\/post"}],"author":[{"embeddable":true,"href":"https:\/\/www.radiopresidenteibanez.cl\/web\/wp-json\/wp\/v2\/users\/2"}],"replies":[{"embeddable":true,"href":"https:\/\/www.radiopresidenteibanez.cl\/web\/wp-json\/wp\/v2\/comments?post=43315"}],"version-history":[{"count":0,"href":"https:\/\/www.radiopresidenteibanez.cl\/web\/wp-json\/wp\/v2\/posts\/43315\/revisions"}],"wp:featuredmedia":[{"embeddable":true,"href":"https:\/\/www.radiopresidenteibanez.cl\/web\/wp-json\/wp\/v2\/media\/43316"}],"wp:attachment":[{"href":"https:\/\/www.radiopresidenteibanez.cl\/web\/wp-json\/wp\/v2\/media?parent=43315"}],"wp:term":[{"taxonomy":"category","embeddable":true,"href":"https:\/\/www.radiopresidenteibanez.cl\/web\/wp-json\/wp\/v2\/categories?post=43315"},{"taxonomy":"post_tag","embeddable":true,"href":"https:\/\/www.radiopresidenteibanez.cl\/web\/wp-json\/wp\/v2\/tags?post=43315"}],"curies":[{"name":"wp","href":"https:\/\/api.w.org\/{rel}","templated":true}]}}