{"id":43312,"date":"2023-10-12T12:47:00","date_gmt":"2023-10-12T15:47:00","guid":{"rendered":"https:\/\/www.radiopresidenteibanez.cl\/web\/?p=43312"},"modified":"2023-10-12T10:51:09","modified_gmt":"2023-10-12T13:51:09","slug":"seremi-y-servicio-realizaron-seminario-de-salud-mental-para-estudiantes-de-launiversidad-de-magallanes","status":"publish","type":"post","link":"https:\/\/www.radiopresidenteibanez.cl\/web\/seremi-y-servicio-realizaron-seminario-de-salud-mental-para-estudiantes-de-launiversidad-de-magallanes\/","title":{"rendered":"SEREMI Y SERVICIO REALIZARON SEMINARIO DE SALUD MENTAL PARA ESTUDIANTES DE LAUNIVERSIDAD DE MAGALLANES"},"content":{"rendered":"\n<p>Continuando con las actividades programadas en el marco del Mes de la Salud Mental, el COSAM<br>Miraflores, dependiente del Servicio de Salud Magallanes, y la SEREMI de Salud organizaron en<br>forma en conjunta un Seminario de Salud Mental destinado a los estudiantes de la Universidad de<br>Magallanes, especialmente a los alumnos y alumnas de carreras del \u00e1rea salud y de las ciencias<br>sociales.<br>De esta forma, en el auditorio del CADI-UMAG se llev\u00f3 a cabo esta jornada, que tuvo por finalidad<br>interiorizar a los futuros profesionales con tem\u00e1ticas relativas a este \u00e1mbito de la salud a trav\u00e9s de<br>exposiciones relacionadas con la org\u00e1nica y funcionamiento de los diversos programas y<br>dispositivos de la red asistencial como las internaciones administrativas no voluntarias.<br>El Seminario cont\u00f3 con la presencia y palabras iniciales de la SEREMI Francisca Sanfuentes, del<br>Director (s) del Servicio de Salud, Ricardo Contreras y de la Subdirectora Acad\u00e9mica del CADI<br>UMAG, Lidia Amarales.<br>Maribel Bustos Costa, psic\u00f3loga del Programa de Salud Mental de la SEREMI de Salud, coment\u00f3<br>que, la actividad fue coordinada, desde la convicci\u00f3n sobre \u201cla importancia de complementar el<br>proceso formativo que ellos tienen en la universidad, y entregar informaci\u00f3n de temas y<br>procedimientos que algunas veces no son parte de las mallas curriculares, porque son muy<br>espec\u00edficos y que est\u00e1n asociados al contexto que se est\u00e1 dando actualmente en salud. Por lo<br>tanto, este Seminario les viene a entregar informaci\u00f3n actualizada de esos lineamientos y que,<br>obviamente, esa informaci\u00f3n va a servirles para complementar y fortalecer lo que ellos tambi\u00e9n<br>est\u00e1n aprendiendo en su proceso formativo\u201d.<br>Por su parte, Gustavo Y\u00e1\u00f1ez, Subdirector Administrativo y de Comunidad de COSAM Miraflores y,<br>coordinador del Seminario, agreg\u00f3 que la idea es informar a quienes se desempe\u00f1aran a futuro en<br>los distintos dispositivos de salud mental sobre el flujo de atenci\u00f3n, c\u00f3mo funciona la Red<br>Asistencial en general, \u201cdesde que el usuario ingresa al sistema de salud p\u00fablica a como poder<br>generar un proceso de rehabilitaci\u00f3n y entender en general el flujo de la red asistencial de<br>Magallanes\u201d, puntualiz\u00f3 el profesional.<br>De igual forma, Gustavo Y\u00e1\u00f1ez, invit\u00f3 a la comunidad a participar de la \u00faltima actividad con que el<br>sector salud de Magallanes conmemora la semana de la Salud Mental. \u201cPara el d\u00eda viernes est\u00e1<br>programada una feria de salud mental en Zona Austral, donde vamos a mostrar la oferta<br>program\u00e1tica de todos los programas de la red de salud mental en general, nos acompa\u00f1aran<br>Universidad de Magallanes, los programas del Dpto. de Salud Mental y dependientes de COSAM<br>Miraflores que tienen que ver con rehabilitaci\u00f3n, atenci\u00f3n directa y tratamiento de personas con<br>patolog\u00edas de salud mental\u201d, acot\u00f3.<br>Consignar que, tanto autoridades como expositores de la jornada, recalcaron que los estudiantes<br>asistentes, en su mayor\u00eda de las carreras de enfermer\u00eda y terapia ocupacional, deber\u00e1n manejar<br>una diversidad de temas que en la actualidad han ido adquiriendo mayor notoriedad como es el<br>caso de la salud mental y el aumento del diagn\u00f3stico de patolog\u00edas asociadas, de aqu\u00ed la<br>importancia de ampliar sus conocimientos y herramientas como futuros profesionales<\/p>\n","protected":false},"excerpt":{"rendered":"<p>Continuando con las actividades programadas en el marco del Mes de la Salud Mental, el COSAMMiraflores, dependiente del Servicio de Salud Magallanes, y la SEREMI de Salud organizaron enforma en&#8230; <a class=\"read-more\" href=\"https:\/\/www.radiopresidenteibanez.cl\/web\/seremi-y-servicio-realizaron-seminario-de-salud-mental-para-estudiantes-de-launiversidad-de-magallanes\/\">Leer m\u00e1s<\/a><\/p>\n","protected":false},"author":2,"featured_media":43313,"comment_status":"closed","ping_status":"closed","sticky":false,"template":"","format":"standard","meta":{"footnotes":""},"categories":[1],"tags":[],"class_list":["post-43312","post","type-post","status-publish","format-standard","has-post-thumbnail","hentry","category-cronica"],"_links":{"self":[{"href":"https:\/\/www.radiopresidenteibanez.cl\/web\/wp-json\/wp\/v2\/posts\/43312","targetHints":{"allow":["GET"]}}],"collection":[{"href":"https:\/\/www.radiopresidenteibanez.cl\/web\/wp-json\/wp\/v2\/posts"}],"about":[{"href":"https:\/\/www.radiopresidenteibanez.cl\/web\/wp-json\/wp\/v2\/types\/post"}],"author":[{"embeddable":true,"href":"https:\/\/www.radiopresidenteibanez.cl\/web\/wp-json\/wp\/v2\/users\/2"}],"replies":[{"embeddable":true,"href":"https:\/\/www.radiopresidenteibanez.cl\/web\/wp-json\/wp\/v2\/comments?post=43312"}],"version-history":[{"count":0,"href":"https:\/\/www.radiopresidenteibanez.cl\/web\/wp-json\/wp\/v2\/posts\/43312\/revisions"}],"wp:featuredmedia":[{"embeddable":true,"href":"https:\/\/www.radiopresidenteibanez.cl\/web\/wp-json\/wp\/v2\/media\/43313"}],"wp:attachment":[{"href":"https:\/\/www.radiopresidenteibanez.cl\/web\/wp-json\/wp\/v2\/media?parent=43312"}],"wp:term":[{"taxonomy":"category","embeddable":true,"href":"https:\/\/www.radiopresidenteibanez.cl\/web\/wp-json\/wp\/v2\/categories?post=43312"},{"taxonomy":"post_tag","embeddable":true,"href":"https:\/\/www.radiopresidenteibanez.cl\/web\/wp-json\/wp\/v2\/tags?post=43312"}],"curies":[{"name":"wp","href":"https:\/\/api.w.org\/{rel}","templated":true}]}}