{"id":43305,"date":"2023-10-12T10:27:00","date_gmt":"2023-10-12T13:27:00","guid":{"rendered":"https:\/\/www.radiopresidenteibanez.cl\/web\/?p=43305"},"modified":"2023-10-12T08:47:59","modified_gmt":"2023-10-12T11:47:59","slug":"umag-conmemora-dia-internacional-de-la-mujer-indigena-con-corrida-por-la-costanera-del-estrecho-2","status":"publish","type":"post","link":"https:\/\/www.radiopresidenteibanez.cl\/web\/umag-conmemora-dia-internacional-de-la-mujer-indigena-con-corrida-por-la-costanera-del-estrecho-2\/","title":{"rendered":"UMAG CONMEMORA \u201cDIA INTERNACIONAL DE LA MUJER INDIGENA\u201d CON CORRIDA POR LA COSTANERA DEL ESTRECHO"},"content":{"rendered":"\n<p>La Vicerrector\u00eda de Vinculaci\u00f3n con el Medio (VVM), a trav\u00e9s de la Unidad de Derechos Humanos, Inclusi\u00f3n y Ciudadan\u00eda y la Direcci\u00f3n de Desarrollo Cultural y Deportivo de la Universidad de Magallanes (UMAG) invitan a participar de la \u201cCorrida&nbsp;por&nbsp;la&nbsp;justicia\u201d&nbsp;en&nbsp;el marco del \u201cD\u00eda Internacional de la Mujer Ind\u00edgena\u201d.&nbsp;<\/p>\n\n\n\n<p>La actividad se realizar\u00e1 este domingo 15 de octubre a las 11.00 horas&nbsp;por&nbsp;la Costanera del Estrecho de Magallanes, desde el sector de las canchas de b\u00e1squetbol (calle Croacia) hasta la altura de la calle Arturo Merino Ben\u00edtez, con distancias que ser\u00e1n de 1 kil\u00f3metro, 2.5 kil\u00f3metros y 5 kil\u00f3metros.<\/p>\n\n\n\n<p>\u201cDesde el a\u00f1o 2018 que la Universidad de Magallanes est\u00e1 conmemorando el \u2018D\u00eda Internacional de la Mujer Ind\u00edgena\u2019 a trav\u00e9s de distintas actividades.&nbsp;Por&nbsp;ello es que este domingo se invita a todas las personas, pero&nbsp;por&nbsp;sobre todo, a las mujeres de agrupaciones y comunidades ind\u00edgenas a participar\u201d, destac\u00f3 Nicol Ahern, jefa de la Unidad de Derechos Humanos, Inclusi\u00f3n y Ciudadan\u00eda.<\/p>\n","protected":false},"excerpt":{"rendered":"<p>La Vicerrector\u00eda de Vinculaci\u00f3n con el Medio (VVM), a trav\u00e9s de la Unidad de Derechos Humanos, Inclusi\u00f3n y Ciudadan\u00eda y la Direcci\u00f3n de Desarrollo Cultural y Deportivo de la Universidad&#8230; <a class=\"read-more\" href=\"https:\/\/www.radiopresidenteibanez.cl\/web\/umag-conmemora-dia-internacional-de-la-mujer-indigena-con-corrida-por-la-costanera-del-estrecho-2\/\">Leer m\u00e1s<\/a><\/p>\n","protected":false},"author":2,"featured_media":43307,"comment_status":"closed","ping_status":"closed","sticky":false,"template":"","format":"standard","meta":{"footnotes":""},"categories":[1],"tags":[],"class_list":["post-43305","post","type-post","status-publish","format-standard","has-post-thumbnail","hentry","category-cronica"],"_links":{"self":[{"href":"https:\/\/www.radiopresidenteibanez.cl\/web\/wp-json\/wp\/v2\/posts\/43305","targetHints":{"allow":["GET"]}}],"collection":[{"href":"https:\/\/www.radiopresidenteibanez.cl\/web\/wp-json\/wp\/v2\/posts"}],"about":[{"href":"https:\/\/www.radiopresidenteibanez.cl\/web\/wp-json\/wp\/v2\/types\/post"}],"author":[{"embeddable":true,"href":"https:\/\/www.radiopresidenteibanez.cl\/web\/wp-json\/wp\/v2\/users\/2"}],"replies":[{"embeddable":true,"href":"https:\/\/www.radiopresidenteibanez.cl\/web\/wp-json\/wp\/v2\/comments?post=43305"}],"version-history":[{"count":0,"href":"https:\/\/www.radiopresidenteibanez.cl\/web\/wp-json\/wp\/v2\/posts\/43305\/revisions"}],"wp:featuredmedia":[{"embeddable":true,"href":"https:\/\/www.radiopresidenteibanez.cl\/web\/wp-json\/wp\/v2\/media\/43307"}],"wp:attachment":[{"href":"https:\/\/www.radiopresidenteibanez.cl\/web\/wp-json\/wp\/v2\/media?parent=43305"}],"wp:term":[{"taxonomy":"category","embeddable":true,"href":"https:\/\/www.radiopresidenteibanez.cl\/web\/wp-json\/wp\/v2\/categories?post=43305"},{"taxonomy":"post_tag","embeddable":true,"href":"https:\/\/www.radiopresidenteibanez.cl\/web\/wp-json\/wp\/v2\/tags?post=43305"}],"curies":[{"name":"wp","href":"https:\/\/api.w.org\/{rel}","templated":true}]}}