{"id":433,"date":"2019-01-14T16:35:39","date_gmt":"2019-01-14T16:35:39","guid":{"rendered":"http:\/\/www.radiopresidenteibanez.cl\/web\/?p=433"},"modified":"2019-01-14T16:36:07","modified_gmt":"2019-01-14T16:36:07","slug":"entre-febrero-y-marzo-22-pacientes-seran-sometidos-a-cirugias-bariatricas-en-el-hospital-clinico-de-magallanes","status":"publish","type":"post","link":"https:\/\/www.radiopresidenteibanez.cl\/web\/entre-febrero-y-marzo-22-pacientes-seran-sometidos-a-cirugias-bariatricas-en-el-hospital-clinico-de-magallanes\/","title":{"rendered":"ENTRE FEBRERO Y MARZO, 22 PACIENTES SER\u00c1N SOMETIDOS A CIRUG\u00cdAS BARI\u00c1TRICAS EN EL HOSPITAL CL\u00cdNICO DE MAGALLANES"},"content":{"rendered":"\n<p>El 28% de la poblaci\u00f3n adulta en Chile sufre de obesidad, un 24.9% de mujeres y un 31% de hombres; una de las tasas m\u00e1s altas de Sudam\u00e9rica, seg\u00fan las estad\u00edsticas publicadas en el Panorama de la Seguridad Alimentaria y Nutricional en Am\u00e9rica Latina y el Caribe 2018.<\/p>\n\n\n\n<p>El tema preocupa a las autoridades, sobre todo en Magallanes donde los indicadores superan el promedio nacional.<\/p>\n\n\n\n<p>En este contexto, 22 pacientes que se encontraban en lista de espera desde 2016, ser\u00e1n beneficiados a partir de enero, con sus anheladas cirug\u00edas bari\u00e1tricas, procedimientos que ser\u00e1n llevados adelante por un equipo multidisciplinario, compuesto por el cirujano digestivo, Alejandro Altamirano, la doctora internista con Diploma en Prevenci\u00f3n y Tratamiento de la Obesidad y Mag\u00edster en Manejo Nutricional de los Pacientes sometidos a Cirug\u00eda Bari\u00e1trica, Mar\u00eda Isabel Iduya; nutricionistas, kinesi\u00f3logos y psic\u00f3logos del Hospital Cl\u00ednico de Magallanes y otras entidades.<\/p>\n\n\n\n<p>Si bien originalmente eran 29 las personas que se encontraban en lista de espera, 7 de ellas quedaron fuera por no cumplir los requisitos cl\u00ednicos ni administrativos.<\/p>\n\n\n\n<p>Es as\u00ed que, entre los primeros d\u00edas de febrero y el 15 de marzo, 21 mujeres y 1 hombre, entre 25 y 57 a\u00f1os de edad, ser\u00e1n intervenidos con alguno de los dos tipos de cirug\u00edas bari\u00e1tricas: Bypass g\u00e1strico o la gastrectom\u00eda en manga.<\/p>\n\n\n\n<p>Las intervenciones ser\u00e1n tomadas como una preparaci\u00f3n o programa \u2018piloto\u2019 para lo que se espera sea, en el futuro, el Primer Programa Regional de Cirug\u00eda Bari\u00e1trica en Magallanes de atenci\u00f3n abierta. \u201cEstos 22 pacientes, queremos tomarlos como un protocolo inicial para poder, m\u00e1s adelante, conformar y afianzar este equipo multidisciplinario de cirug\u00eda bari\u00e1trica e implementar un programa regional, para poder abrir la puerta a la comunidad y brindar una atenci\u00f3n en el hospital, en el ambiente p\u00fablico, a los pacientes de obesidad m\u00f3rbida\u201d, explic\u00f3 el cirujano digestivo.<\/p>\n","protected":false},"excerpt":{"rendered":"<p>El 28% de la poblaci\u00f3n adulta en Chile sufre de obesidad, un 24.9% de mujeres y un 31% de hombres; una de las tasas m\u00e1s altas de Sudam\u00e9rica, seg\u00fan las&#8230; <a class=\"read-more\" href=\"https:\/\/www.radiopresidenteibanez.cl\/web\/entre-febrero-y-marzo-22-pacientes-seran-sometidos-a-cirugias-bariatricas-en-el-hospital-clinico-de-magallanes\/\">Leer m\u00e1s<\/a><\/p>\n","protected":false},"author":2,"featured_media":434,"comment_status":"closed","ping_status":"closed","sticky":false,"template":"","format":"standard","meta":{"footnotes":""},"categories":[1],"tags":[],"class_list":["post-433","post","type-post","status-publish","format-standard","has-post-thumbnail","hentry","category-cronica"],"_links":{"self":[{"href":"https:\/\/www.radiopresidenteibanez.cl\/web\/wp-json\/wp\/v2\/posts\/433","targetHints":{"allow":["GET"]}}],"collection":[{"href":"https:\/\/www.radiopresidenteibanez.cl\/web\/wp-json\/wp\/v2\/posts"}],"about":[{"href":"https:\/\/www.radiopresidenteibanez.cl\/web\/wp-json\/wp\/v2\/types\/post"}],"author":[{"embeddable":true,"href":"https:\/\/www.radiopresidenteibanez.cl\/web\/wp-json\/wp\/v2\/users\/2"}],"replies":[{"embeddable":true,"href":"https:\/\/www.radiopresidenteibanez.cl\/web\/wp-json\/wp\/v2\/comments?post=433"}],"version-history":[{"count":0,"href":"https:\/\/www.radiopresidenteibanez.cl\/web\/wp-json\/wp\/v2\/posts\/433\/revisions"}],"wp:featuredmedia":[{"embeddable":true,"href":"https:\/\/www.radiopresidenteibanez.cl\/web\/wp-json\/wp\/v2\/media\/434"}],"wp:attachment":[{"href":"https:\/\/www.radiopresidenteibanez.cl\/web\/wp-json\/wp\/v2\/media?parent=433"}],"wp:term":[{"taxonomy":"category","embeddable":true,"href":"https:\/\/www.radiopresidenteibanez.cl\/web\/wp-json\/wp\/v2\/categories?post=433"},{"taxonomy":"post_tag","embeddable":true,"href":"https:\/\/www.radiopresidenteibanez.cl\/web\/wp-json\/wp\/v2\/tags?post=433"}],"curies":[{"name":"wp","href":"https:\/\/api.w.org\/{rel}","templated":true}]}}