{"id":43287,"date":"2023-10-11T16:33:00","date_gmt":"2023-10-11T19:33:00","guid":{"rendered":"https:\/\/www.radiopresidenteibanez.cl\/web\/?p=43287"},"modified":"2023-10-11T15:19:54","modified_gmt":"2023-10-11T18:19:54","slug":"el-gran-carnaval-del-jardin-inicio-su-recorrido-en-natales","status":"publish","type":"post","link":"https:\/\/www.radiopresidenteibanez.cl\/web\/el-gran-carnaval-del-jardin-inicio-su-recorrido-en-natales\/","title":{"rendered":"\u201cEl GRAN CARNAVAL DEL JARDIN\u201d INICIO SU RECORRIDO EN NATALES"},"content":{"rendered":"\n<p>\u201cMe encant\u00f3 este evento y mi parte favorita fue todo\u201d, as\u00ed resumi\u00f3 Mariano Contreras, de siete a\u00f1os de edad y uno de los asistentes a la presentaci\u00f3n de la obra \u201cEl gran Carnaval del Jard\u00edn\u201d, cuyo montaje se realiz\u00f3 este martes en la ciudad de Puerto Natales.<\/p>\n\n\n\n<p>Tal como Mariano, cientos de ni\u00f1as, ni\u00f1os y adultos disfrutaron la puesta en escena de la compa\u00f1\u00eda nacional Otroarte, en el gimnasio polideportivo Cristopher Mansilla de la capital de la provincial de \u00daltima Esperanza.<\/p>\n\n\n\n<p>El espect\u00e1culo, organizado por la Seremi de las Culturas, las Artes y el Patrimonio, a trav\u00e9s del programa Fortalecimiento de la Identidad Cultural Regional, cautiv\u00f3 a la familia natalina. Las acrobacias, danza, teatro y m\u00fasica que incluye la representaci\u00f3n generaron un ambiente festivo y m\u00e1gico que conect\u00f3 al elenco, de trece artistas en acci\u00f3n, con el auditorio.<\/p>\n\n\n\n<p>\u201cLa verdad me pareci\u00f3 muy lindo. Fue un espect\u00e1culo precioso para los ni\u00f1os. No lo hab\u00edamos visto nunca ac\u00e1. Fue bastante novedoso, mi hija estaba s\u00faper contenta, lo disfrut\u00f3 de principio a fin. Ojal\u00e1 sigan repitiendo este tipo de instancias y que no sea la primera ni la \u00faltima vez\u201d, manifest\u00f3 Patricia Alarc\u00f3n, una de las cientos de madres que acompa\u00f1\u00f3 a sus hijos al fant\u00e1stico evento.<\/p>\n\n\n\n<p>Tras el exitoso estreno en la ciudad de Puerto Natales, la compa\u00f1\u00eda OtroArte se trasladar\u00e1 hasta Porvenir para cumplir este jueves, a las 19.30 horas, con la segunda estaci\u00f3n del recorrido por la regi\u00f3n de Magallanes. La actuaci\u00f3n, que suma la colaboraci\u00f3n del municipio local, se llevar\u00e1 a cabo en el gimnasio del liceo Bicentenario Hernando de Magallanes. La entrada es abierta a todo p\u00fablico y gratuita.<\/p>\n\n\n\n<p>\u201cEs un esfuerzo importante que estamos haciendo como Ministerio de las Culturas y como gobierno del presidente Gabriel Boric, por descentralizar el arte y la cultura para todos y todas. Este es uno de los ejes principales que tenemos como gobierno, como tambi\u00e9n destinar este tipo de espect\u00e1culos de gran envergadura para ni\u00f1as y ni\u00f1os, en general para toda la familia, sobre todo cuando estos buscan abordar tem\u00e1ticas que nos competen a todos, como es el cuidado del medioambiente y, por cierto, el cuidado de la salud mental\u201d, dijo el Seremi de las Culturas, Diego Garc\u00eda, quien se desplaz\u00f3 hasta la ciudad de Puerto Natales para presenciar el inicio de la gira, que cont\u00f3 con el apoyo del municipio local.<\/p>\n\n\n\n<p>El cierre de la itinerancia por la zona austral ocurrir\u00e1 en Punta Arenas. El s\u00e1bado 14 de octubre, se efectuar\u00e1n dos funciones, a las 17.00 y 19.30 horas. Ambas se desarrollar\u00e1n en el gimnasio de la Confederaci\u00f3n Deportiva de Magallanes (O\u2019Higgins N\u00b0 948). Las invitaciones para estos montajes se encuentran disponibles en la oficina de las Seremi de las Culturas, ubicada en calle Pedro Montt N\u00b0 809, Punta Arenas.<\/p>\n\n\n\n<p><strong>LA OBRA<\/strong><\/p>\n\n\n\n<p>La obra de teatro \u201cEl Gran Carnaval del Jard\u00edn\u201d, bajo la direcci\u00f3n de Francisco Guajardo, representa el d\u00eda m\u00e1s importante para los seres que habitan el jard\u00edn de los colores. Cada 4 eclipses lunares, realizan el Gran Carnaval del Jard\u00edn, para mostrar su gratitud a la madre tierra. Don Amador, el jardinero, vuelve para convocar a esta celebraci\u00f3n y reunir a los insectos, aves y animales que vienen de todas partes del mundo a entregar sus ofrendas. Tiene una duraci\u00f3n de 50 minutos.<\/p>\n","protected":false},"excerpt":{"rendered":"<p>\u201cMe encant\u00f3 este evento y mi parte favorita fue todo\u201d, as\u00ed resumi\u00f3 Mariano Contreras, de siete a\u00f1os de edad y uno de los asistentes a la presentaci\u00f3n de la obra&#8230; <a class=\"read-more\" href=\"https:\/\/www.radiopresidenteibanez.cl\/web\/el-gran-carnaval-del-jardin-inicio-su-recorrido-en-natales\/\">Leer m\u00e1s<\/a><\/p>\n","protected":false},"author":2,"featured_media":43288,"comment_status":"closed","ping_status":"closed","sticky":false,"template":"","format":"standard","meta":{"footnotes":""},"categories":[1],"tags":[],"class_list":["post-43287","post","type-post","status-publish","format-standard","has-post-thumbnail","hentry","category-cronica"],"_links":{"self":[{"href":"https:\/\/www.radiopresidenteibanez.cl\/web\/wp-json\/wp\/v2\/posts\/43287","targetHints":{"allow":["GET"]}}],"collection":[{"href":"https:\/\/www.radiopresidenteibanez.cl\/web\/wp-json\/wp\/v2\/posts"}],"about":[{"href":"https:\/\/www.radiopresidenteibanez.cl\/web\/wp-json\/wp\/v2\/types\/post"}],"author":[{"embeddable":true,"href":"https:\/\/www.radiopresidenteibanez.cl\/web\/wp-json\/wp\/v2\/users\/2"}],"replies":[{"embeddable":true,"href":"https:\/\/www.radiopresidenteibanez.cl\/web\/wp-json\/wp\/v2\/comments?post=43287"}],"version-history":[{"count":0,"href":"https:\/\/www.radiopresidenteibanez.cl\/web\/wp-json\/wp\/v2\/posts\/43287\/revisions"}],"wp:featuredmedia":[{"embeddable":true,"href":"https:\/\/www.radiopresidenteibanez.cl\/web\/wp-json\/wp\/v2\/media\/43288"}],"wp:attachment":[{"href":"https:\/\/www.radiopresidenteibanez.cl\/web\/wp-json\/wp\/v2\/media?parent=43287"}],"wp:term":[{"taxonomy":"category","embeddable":true,"href":"https:\/\/www.radiopresidenteibanez.cl\/web\/wp-json\/wp\/v2\/categories?post=43287"},{"taxonomy":"post_tag","embeddable":true,"href":"https:\/\/www.radiopresidenteibanez.cl\/web\/wp-json\/wp\/v2\/tags?post=43287"}],"curies":[{"name":"wp","href":"https:\/\/api.w.org\/{rel}","templated":true}]}}