{"id":43283,"date":"2023-10-11T15:16:19","date_gmt":"2023-10-11T18:16:19","guid":{"rendered":"https:\/\/www.radiopresidenteibanez.cl\/web\/?p=43283"},"modified":"2023-10-11T15:16:46","modified_gmt":"2023-10-11T18:16:46","slug":"rina-en-carcel-de-punta-arenas","status":"publish","type":"post","link":"https:\/\/www.radiopresidenteibanez.cl\/web\/rina-en-carcel-de-punta-arenas\/","title":{"rendered":"RI\u00d1A EN CARCEL DE PUNTA ARENAS"},"content":{"rendered":"\n<p>La direcci\u00f3n regional de Gendarmer\u00eda en Magallanes informa que alrededor<br>de las nueve de la ma\u00f1ana de este mi\u00e9rcoles 11 de octubre se produjo una<br>ri\u00f1a al interior del m\u00f3dulo A1 de condenados del Complejo Penitenciario de<br>Punta Arenas, resultando internos con diversas lesiones.<br>En ese sentido, cuatro privados de libertad debieron ser derivados v\u00eda SAMU<br>a la Urgencia del Hospital Cl\u00ednico de Magallanes con el fin de determinar el<br>estado de salud de cada uno de ellos.<br>Tras ser atendidos en el recinto asistencial, todos los privados de libertad<br>heridos fueron dados de alta y enviados de regreso a la unidad penal durante<br>esta misma jornada.<br>Del hecho se dio cuenta al Ministerio P\u00fablico, as\u00ed como de la realizaci\u00f3n de<br>una investigaci\u00f3n interna para determinar la din\u00e1mica de lo sucedido.<br>Cabe se\u00f1alar que tras los hechos el estado al interior del penal es de<br>normalidad, y que se han dispuesto las medidas pertinentes para que esta<br>condici\u00f3n se mantenga.<\/p>\n","protected":false},"excerpt":{"rendered":"<p>La direcci\u00f3n regional de Gendarmer\u00eda en Magallanes informa que alrededorde las nueve de la ma\u00f1ana de este mi\u00e9rcoles 11 de octubre se produjo unari\u00f1a al interior del m\u00f3dulo A1 de&#8230; <a class=\"read-more\" href=\"https:\/\/www.radiopresidenteibanez.cl\/web\/rina-en-carcel-de-punta-arenas\/\">Leer m\u00e1s<\/a><\/p>\n","protected":false},"author":2,"featured_media":43284,"comment_status":"closed","ping_status":"closed","sticky":false,"template":"","format":"standard","meta":{"footnotes":""},"categories":[1],"tags":[],"class_list":["post-43283","post","type-post","status-publish","format-standard","has-post-thumbnail","hentry","category-cronica"],"_links":{"self":[{"href":"https:\/\/www.radiopresidenteibanez.cl\/web\/wp-json\/wp\/v2\/posts\/43283","targetHints":{"allow":["GET"]}}],"collection":[{"href":"https:\/\/www.radiopresidenteibanez.cl\/web\/wp-json\/wp\/v2\/posts"}],"about":[{"href":"https:\/\/www.radiopresidenteibanez.cl\/web\/wp-json\/wp\/v2\/types\/post"}],"author":[{"embeddable":true,"href":"https:\/\/www.radiopresidenteibanez.cl\/web\/wp-json\/wp\/v2\/users\/2"}],"replies":[{"embeddable":true,"href":"https:\/\/www.radiopresidenteibanez.cl\/web\/wp-json\/wp\/v2\/comments?post=43283"}],"version-history":[{"count":0,"href":"https:\/\/www.radiopresidenteibanez.cl\/web\/wp-json\/wp\/v2\/posts\/43283\/revisions"}],"wp:featuredmedia":[{"embeddable":true,"href":"https:\/\/www.radiopresidenteibanez.cl\/web\/wp-json\/wp\/v2\/media\/43284"}],"wp:attachment":[{"href":"https:\/\/www.radiopresidenteibanez.cl\/web\/wp-json\/wp\/v2\/media?parent=43283"}],"wp:term":[{"taxonomy":"category","embeddable":true,"href":"https:\/\/www.radiopresidenteibanez.cl\/web\/wp-json\/wp\/v2\/categories?post=43283"},{"taxonomy":"post_tag","embeddable":true,"href":"https:\/\/www.radiopresidenteibanez.cl\/web\/wp-json\/wp\/v2\/tags?post=43283"}],"curies":[{"name":"wp","href":"https:\/\/api.w.org\/{rel}","templated":true}]}}