{"id":43280,"date":"2023-10-11T13:58:00","date_gmt":"2023-10-11T16:58:00","guid":{"rendered":"https:\/\/www.radiopresidenteibanez.cl\/web\/?p=43280"},"modified":"2023-10-11T08:50:58","modified_gmt":"2023-10-11T11:50:58","slug":"escuela-pedro-pablo-lemaitre-contara-con-nuevo-diseno-para-futura-mejora-de-sus-aulas","status":"publish","type":"post","link":"https:\/\/www.radiopresidenteibanez.cl\/web\/escuela-pedro-pablo-lemaitre-contara-con-nuevo-diseno-para-futura-mejora-de-sus-aulas\/","title":{"rendered":"ESCUELA PEDRO PABLO LEMAITRE CONTARA CON NUEVO DISE\u00d1O PARA FUTURA MEJORA DE SUS AULAS"},"content":{"rendered":"\n<p>Consejo Regional sanciona favorablemente el anhelado proyecto \u2018\u2019mejoramiento y restauraci\u00f3n de<br>la escuela Pedro Pablo Lemaitre\u2019\u2019, en su etapa de dise\u00f1o, la cual contabiliza un total de inversi\u00f3n<br>de M$569.989.<br>\u2018\u2019En la actualidad se vive una situaci\u00f3n de hacinamiento en recintos pedag\u00f3gicos y administrativos<br>con inadecuada infraestructura escolar y de espacios pedag\u00f3gicos para el desarrollo del proyecto<br>educativo\u2019\u2019, se\u00f1al\u00f3 el Consejero Antonio Bradasic, al referirse sobre la importancia de apoyar<br>iniciativas que van en directo beneficio de los m\u00e1s j\u00f3venes y de todo aquel docente o auxiliar que<br>desarrolla sus actividades diarias en los distintos establecimientos.<br>Para poder cumplir con los est\u00e1ndares y par\u00e1metros en la calidad de la educaci\u00f3n, establecidos<br>por el mismo Ministerio, es que el proyecto en su etapa de dise\u00f1o considera la intervenci\u00f3n de<br>7.092m2, obteniendo del desglose, 2.425m2 para reposici\u00f3n, 3.822m2 para el mejoramiento y<br>845m2 correspondientes a la ampliaci\u00f3n del recinto, ya que este cuenta con el espacio \u00f3ptimo<br>para poder expandirse, beneficiando a m\u00e1s de 1.000 alumnos del heblem\u00e1tico instituto.<br>No obstante y pese a la relevante aprobaci\u00f3n de esta tarde, el Cuerpo Colegiado destac\u00f3 la<br>necesidad que existe, de sentarse a dialogar junto al Servicio Local de Educaci\u00f3n P\u00fablica en<br>Magallanes, entendiendo que la administraci\u00f3n cambiar\u00e1 a contar del pr\u00f3ximo mes de diciembre.<br>\u2018\u2019Estamos a dos meses, es el tiempo restante que queda para que se produzca el remplazo de los<br>municipios y corporaciones municipales. Necesitamos tener claridad absoluta de la infraestructura<br>educacional que tenemos en magallanes, cu\u00e1l es su condici\u00f3n, cu\u00e1l es su ocupaci\u00f3n\u2019\u2019, abordar las<br>problem\u00e1ticas y falencias en los establecimientos educacionales para poder mejorar, fueron<br>algunas de las aprensiones hecha por el Consejero y Presidente de la Comisi\u00f3n de R\u00e9gimen<br>Interior, Miguel Sierpe.<\/p>\n","protected":false},"excerpt":{"rendered":"<p>Consejo Regional sanciona favorablemente el anhelado proyecto \u2018\u2019mejoramiento y restauraci\u00f3n dela escuela Pedro Pablo Lemaitre\u2019\u2019, en su etapa de dise\u00f1o, la cual contabiliza un total de inversi\u00f3nde M$569.989.\u2018\u2019En la actualidad&#8230; <a class=\"read-more\" href=\"https:\/\/www.radiopresidenteibanez.cl\/web\/escuela-pedro-pablo-lemaitre-contara-con-nuevo-diseno-para-futura-mejora-de-sus-aulas\/\">Leer m\u00e1s<\/a><\/p>\n","protected":false},"author":2,"featured_media":43281,"comment_status":"closed","ping_status":"closed","sticky":false,"template":"","format":"standard","meta":{"footnotes":""},"categories":[1],"tags":[],"class_list":["post-43280","post","type-post","status-publish","format-standard","has-post-thumbnail","hentry","category-cronica"],"_links":{"self":[{"href":"https:\/\/www.radiopresidenteibanez.cl\/web\/wp-json\/wp\/v2\/posts\/43280","targetHints":{"allow":["GET"]}}],"collection":[{"href":"https:\/\/www.radiopresidenteibanez.cl\/web\/wp-json\/wp\/v2\/posts"}],"about":[{"href":"https:\/\/www.radiopresidenteibanez.cl\/web\/wp-json\/wp\/v2\/types\/post"}],"author":[{"embeddable":true,"href":"https:\/\/www.radiopresidenteibanez.cl\/web\/wp-json\/wp\/v2\/users\/2"}],"replies":[{"embeddable":true,"href":"https:\/\/www.radiopresidenteibanez.cl\/web\/wp-json\/wp\/v2\/comments?post=43280"}],"version-history":[{"count":0,"href":"https:\/\/www.radiopresidenteibanez.cl\/web\/wp-json\/wp\/v2\/posts\/43280\/revisions"}],"wp:featuredmedia":[{"embeddable":true,"href":"https:\/\/www.radiopresidenteibanez.cl\/web\/wp-json\/wp\/v2\/media\/43281"}],"wp:attachment":[{"href":"https:\/\/www.radiopresidenteibanez.cl\/web\/wp-json\/wp\/v2\/media?parent=43280"}],"wp:term":[{"taxonomy":"category","embeddable":true,"href":"https:\/\/www.radiopresidenteibanez.cl\/web\/wp-json\/wp\/v2\/categories?post=43280"},{"taxonomy":"post_tag","embeddable":true,"href":"https:\/\/www.radiopresidenteibanez.cl\/web\/wp-json\/wp\/v2\/tags?post=43280"}],"curies":[{"name":"wp","href":"https:\/\/api.w.org\/{rel}","templated":true}]}}