{"id":43274,"date":"2023-10-11T11:29:00","date_gmt":"2023-10-11T14:29:00","guid":{"rendered":"https:\/\/www.radiopresidenteibanez.cl\/web\/?p=43274"},"modified":"2023-10-11T08:26:54","modified_gmt":"2023-10-11T11:26:54","slug":"minvu-inicio-el-mejoramiento-del-parque-humedal-maria-behety","status":"publish","type":"post","link":"https:\/\/www.radiopresidenteibanez.cl\/web\/minvu-inicio-el-mejoramiento-del-parque-humedal-maria-behety\/","title":{"rendered":"MINVU INICIO EL MEJORAMIENTO DEL PARQUE HUMEDAL MARIA BEHETY"},"content":{"rendered":"\n<p>A partir de el martes 10 de octubre y por un plazo de 180 d\u00edas, el Ministerio de Vivienda y Urbanismo (Minvu) ejecutar\u00e1 la primera etapa del proyecto de mejoramiento del Parque Humedal Mar\u00eda Behety, en la comuna de Punta Arenas.<\/p>\n\n\n\n<p>\u201cCreemos en la planificaci\u00f3n urbana como una herramienta para generar mayor bienestar en nuestras comunas y recuperar el rol p\u00fablico del Estado en la conformaci\u00f3n de&nbsp;Ciudades Justas. Con este importante proyecto, nuestro Ministerio revitalizar\u00e1 el principal pulm\u00f3n verde y punto de encuentro de Punta Arenas\u201d, destac\u00f3 el Seremi de Vivienda y Urbanismo,&nbsp;<strong>Marco Uribe Saldivia<\/strong>.<\/p>\n\n\n\n<p>Se trata de un proyecto de 710 millones de pesos, financiados \u00edntegramente por el Minvu, y que considera la instalaci\u00f3n de pavimentos de adoquines, soleras especiales y un sistema de evacuaci\u00f3n de aguas lluvias para que \u00e9stas se contengan en el humedal y no se vea afectada la captaci\u00f3n de agua del terreno.<\/p>\n\n\n\n<p>\u201cEsta es la primera etapa de tres, donde se realizar\u00e1 un mejoramiento de la rotonda de acceso y del camino principal del parque, en el que tambi\u00e9n se incluir\u00e1n zonas de estacionamiento, adem\u00e1s de paisajismo, con la plantaci\u00f3n de alrededor de 80 \u00e1rboles nativos, especies arbustivas y flores. Asimismo, se contempla la construcci\u00f3n de veredas y cruces peatonales con accesibilidad universal\u201d, explic\u00f3 el Director (s) del Serviu,&nbsp;<strong>Omar Gonz\u00e1lez Asenjo<\/strong>.<\/p>\n\n\n\n<p>Las obras de esta primera etapa estar\u00e1n a cargo de la constructora Eliecer Soto Oyarz\u00fan y corresponden a la primera intervenci\u00f3n del Plan de Parques Urbanos del Minvu en la regi\u00f3n de Magallanes.<\/p>\n\n\n\n<p>\u201cEste es el primer parque que ser\u00e1 intervenido con este plan, que va de la mano con el Programa de Conservaci\u00f3n de Parques Urbanos, a la que esperamos postular el Mar\u00eda Behety en etapas siguientes, de manera que podamos incorporar recursos Minvu a su mantenci\u00f3n y asegurar el buen uso de este gran espacio de recreaci\u00f3n\u201d, se\u00f1al\u00f3&nbsp;el encargado Unidad de Arquitectura del Serviu,&nbsp;<strong>Rodrigo Vel\u00e1squez P\u00e9rez<\/strong>.<\/p>\n\n\n\n<p>El Serviu licitar\u00e1 la ejecuci\u00f3n de la segunda etapa durante el \u00faltimo trimestre del a\u00f1o, para iniciar obras en 2024. \u00c9sta considera la intervenci\u00f3n de la zona de estacionamientos del exterior del parque, la modificaci\u00f3n del cierro perimetral, la habilitaci\u00f3n de una pista de acceso y obras de mejoramiento del per\u00edmetro de la laguna.<\/p>\n\n\n\n<p>De acuerdo con las coordinaciones realizadas por el Serviu con la Municipalidad de Punta Arenas, a partir de esta semana permanecer\u00e1 cerrado el acceso por la calle 21 de Mayo, dej\u00e1ndose habilitado el ingreso peatonal s\u00f3lo por la entrada de Avenida Espa\u00f1a con la Avenida Presidente Pedro Aguirre Cerda.<\/p>\n","protected":false},"excerpt":{"rendered":"<p>A partir de el martes 10 de octubre y por un plazo de 180 d\u00edas, el Ministerio de Vivienda y Urbanismo (Minvu) ejecutar\u00e1 la primera etapa del proyecto de mejoramiento&#8230; <a class=\"read-more\" href=\"https:\/\/www.radiopresidenteibanez.cl\/web\/minvu-inicio-el-mejoramiento-del-parque-humedal-maria-behety\/\">Leer m\u00e1s<\/a><\/p>\n","protected":false},"author":2,"featured_media":43275,"comment_status":"closed","ping_status":"closed","sticky":false,"template":"","format":"standard","meta":{"footnotes":""},"categories":[1],"tags":[],"class_list":["post-43274","post","type-post","status-publish","format-standard","has-post-thumbnail","hentry","category-cronica"],"_links":{"self":[{"href":"https:\/\/www.radiopresidenteibanez.cl\/web\/wp-json\/wp\/v2\/posts\/43274","targetHints":{"allow":["GET"]}}],"collection":[{"href":"https:\/\/www.radiopresidenteibanez.cl\/web\/wp-json\/wp\/v2\/posts"}],"about":[{"href":"https:\/\/www.radiopresidenteibanez.cl\/web\/wp-json\/wp\/v2\/types\/post"}],"author":[{"embeddable":true,"href":"https:\/\/www.radiopresidenteibanez.cl\/web\/wp-json\/wp\/v2\/users\/2"}],"replies":[{"embeddable":true,"href":"https:\/\/www.radiopresidenteibanez.cl\/web\/wp-json\/wp\/v2\/comments?post=43274"}],"version-history":[{"count":0,"href":"https:\/\/www.radiopresidenteibanez.cl\/web\/wp-json\/wp\/v2\/posts\/43274\/revisions"}],"wp:featuredmedia":[{"embeddable":true,"href":"https:\/\/www.radiopresidenteibanez.cl\/web\/wp-json\/wp\/v2\/media\/43275"}],"wp:attachment":[{"href":"https:\/\/www.radiopresidenteibanez.cl\/web\/wp-json\/wp\/v2\/media?parent=43274"}],"wp:term":[{"taxonomy":"category","embeddable":true,"href":"https:\/\/www.radiopresidenteibanez.cl\/web\/wp-json\/wp\/v2\/categories?post=43274"},{"taxonomy":"post_tag","embeddable":true,"href":"https:\/\/www.radiopresidenteibanez.cl\/web\/wp-json\/wp\/v2\/tags?post=43274"}],"curies":[{"name":"wp","href":"https:\/\/api.w.org\/{rel}","templated":true}]}}