{"id":43252,"date":"2023-10-10T15:13:00","date_gmt":"2023-10-10T18:13:00","guid":{"rendered":"https:\/\/www.radiopresidenteibanez.cl\/web\/?p=43252"},"modified":"2023-10-10T11:54:34","modified_gmt":"2023-10-10T14:54:34","slug":"club-deportivo-espanol-cumple-109-anos-de-historia-pura-en-el-deporte-regional","status":"publish","type":"post","link":"https:\/\/www.radiopresidenteibanez.cl\/web\/club-deportivo-espanol-cumple-109-anos-de-historia-pura-en-el-deporte-regional\/","title":{"rendered":"CLUB DEPORTIVO ESPA\u00d1OL CUMPLE 109 A\u00d1OS DE HISTORIA PURA EN EL DEPORTE REGIONAL"},"content":{"rendered":"\n<p>El 8 de octubre de 1914, fue fundado el Club Deportivo Espa\u00f1ol en Punta Arenas, la<br>que tuvo como primera directiva a Jos\u00e9 Montes Thurler en la presidencia, Rodolfo<br>Su\u00e1rez Ladouch de vicepresidente, Ciro Gonz\u00e1lez de la Huerta y Alfredo P\u00e9rez<br>Cueto, como secretario y tesorero, respectivamente.<br>La \u201cFuria Roja\u201d, en la actualidad, cuenta con las ramas de; b\u00e1squetbol femenino y<br>masculino, f\u00fatbol con equipo en sus series menores y de honor junto a una escuela<br>formativa, ajedrez y pesca &amp; caza.<br>En su larga historia, las y los deportistas que han pasado por las filas del Club<br>Deportivo Espa\u00f1ol han llevado en alto los colores y el escudo de la instituci\u00f3n,<br>siendo protagonistas en todos los campeonatos disputados, de donde tambi\u00e9n,<br>han salido grandes referentes del deporte regional y nacional, principalmente, en<br>b\u00e1squetbol y f\u00fatbol, pero en su inicio, tambi\u00e9n en la extinta rama de ciclismo.<br>Actualmente, C.D Espa\u00f1ol, es presidido por, Jaime Gallardo, quien junto a las<br>directivas de las ramas que componen el club, siguen trabajando por tener en lo<br>m\u00e1s alto el nombre de una de las instituciones m\u00e1s antiguas y ganadoras de la<br>zona.<br>Hoy, al cumplirse un a\u00f1o m\u00e1s de vida y ad portas de celebrarse el D\u00eda de la<br>Hispanidad, las directivas que componen el Club Deportivo Espa\u00f1ol, quieren hacer<br>llegar un afectuoso saludo a las y los deportistas que defienden nuestros colores, al<br>igual, de quienes han pasado por nuestras filas y dejaron huella en los distintos<br>equipos, socios, vecinos y vecinas ligadas al club.<\/p>\n","protected":false},"excerpt":{"rendered":"<p>El 8 de octubre de 1914, fue fundado el Club Deportivo Espa\u00f1ol en Punta Arenas, laque tuvo como primera directiva a Jos\u00e9 Montes Thurler en la presidencia, RodolfoSu\u00e1rez Ladouch de&#8230; <a class=\"read-more\" href=\"https:\/\/www.radiopresidenteibanez.cl\/web\/club-deportivo-espanol-cumple-109-anos-de-historia-pura-en-el-deporte-regional\/\">Leer m\u00e1s<\/a><\/p>\n","protected":false},"author":2,"featured_media":43253,"comment_status":"closed","ping_status":"closed","sticky":false,"template":"","format":"standard","meta":{"footnotes":""},"categories":[1],"tags":[],"class_list":["post-43252","post","type-post","status-publish","format-standard","has-post-thumbnail","hentry","category-cronica"],"_links":{"self":[{"href":"https:\/\/www.radiopresidenteibanez.cl\/web\/wp-json\/wp\/v2\/posts\/43252","targetHints":{"allow":["GET"]}}],"collection":[{"href":"https:\/\/www.radiopresidenteibanez.cl\/web\/wp-json\/wp\/v2\/posts"}],"about":[{"href":"https:\/\/www.radiopresidenteibanez.cl\/web\/wp-json\/wp\/v2\/types\/post"}],"author":[{"embeddable":true,"href":"https:\/\/www.radiopresidenteibanez.cl\/web\/wp-json\/wp\/v2\/users\/2"}],"replies":[{"embeddable":true,"href":"https:\/\/www.radiopresidenteibanez.cl\/web\/wp-json\/wp\/v2\/comments?post=43252"}],"version-history":[{"count":0,"href":"https:\/\/www.radiopresidenteibanez.cl\/web\/wp-json\/wp\/v2\/posts\/43252\/revisions"}],"wp:featuredmedia":[{"embeddable":true,"href":"https:\/\/www.radiopresidenteibanez.cl\/web\/wp-json\/wp\/v2\/media\/43253"}],"wp:attachment":[{"href":"https:\/\/www.radiopresidenteibanez.cl\/web\/wp-json\/wp\/v2\/media?parent=43252"}],"wp:term":[{"taxonomy":"category","embeddable":true,"href":"https:\/\/www.radiopresidenteibanez.cl\/web\/wp-json\/wp\/v2\/categories?post=43252"},{"taxonomy":"post_tag","embeddable":true,"href":"https:\/\/www.radiopresidenteibanez.cl\/web\/wp-json\/wp\/v2\/tags?post=43252"}],"curies":[{"name":"wp","href":"https:\/\/api.w.org\/{rel}","templated":true}]}}