{"id":4325,"date":"2019-05-16T16:04:16","date_gmt":"2019-05-16T16:04:16","guid":{"rendered":"http:\/\/www.radiopresidenteibanez.cl\/web\/?p=4325"},"modified":"2019-05-16T16:04:43","modified_gmt":"2019-05-16T16:04:43","slug":"fiscal-campos-converso-con-socios-de-camara-franca-sobre-delitos-de-hurtos-y-robos","status":"publish","type":"post","link":"https:\/\/www.radiopresidenteibanez.cl\/web\/fiscal-campos-converso-con-socios-de-camara-franca-sobre-delitos-de-hurtos-y-robos\/","title":{"rendered":"FISCAL CAMPOS CONVERS\u00d3 CON  SOCIOS DE C\u00c1MARA FRANCA SOBRE DELITOS DE HURTOS Y ROBOS"},"content":{"rendered":"\n<p>El Fiscal Regional de Magallanes y de la Ant\u00e1rtica Chilena, Eugenio\nCampos Lucero, &nbsp;se reuni\u00f3, con los socios\nde la C\u00e1mara Franca de Punta Arenas, con el fin de conversar respecto de la\nfunci\u00f3n que cumple la Fiscal\u00eda y sumar acciones frente a los delitos de hurto y\nrobo.<\/p>\n\n\n\n<p>El encuentro, que ayud\u00f3 a la \u00a0coordinaci\u00f3n como tambi\u00e9n a disipar dudas en estas tem\u00e1ticas, se enmarc\u00f3 en una invitaci\u00f3n\u00a0 efectuada por la Asociaci\u00f3n Gremial de usuarios de la Zona Franca.<\/p>\n\n\n\n<figure class=\"wp-block-image\"><img loading=\"lazy\" decoding=\"async\" width=\"1024\" height=\"683\" src=\"https:\/\/www.radiopresidenteibanez.cl\/web\/wp-content\/uploads\/2019\/05\/IMG_6101-1024x683.jpg\" alt=\"\" class=\"wp-image-4326\" srcset=\"https:\/\/www.radiopresidenteibanez.cl\/web\/wp-content\/uploads\/2019\/05\/IMG_6101-1024x683.jpg 1024w, https:\/\/www.radiopresidenteibanez.cl\/web\/wp-content\/uploads\/2019\/05\/IMG_6101-300x200.jpg 300w, https:\/\/www.radiopresidenteibanez.cl\/web\/wp-content\/uploads\/2019\/05\/IMG_6101-768x512.jpg 768w, https:\/\/www.radiopresidenteibanez.cl\/web\/wp-content\/uploads\/2019\/05\/IMG_6101.jpg 1244w\" sizes=\"auto, (max-width: 1024px) 100vw, 1024px\" \/><\/figure>\n","protected":false},"excerpt":{"rendered":"<p>El Fiscal Regional de Magallanes y de la Ant\u00e1rtica Chilena, Eugenio Campos Lucero, &nbsp;se reuni\u00f3, con los socios de la C\u00e1mara Franca de Punta Arenas, con el fin de conversar&#8230; <a class=\"read-more\" href=\"https:\/\/www.radiopresidenteibanez.cl\/web\/fiscal-campos-converso-con-socios-de-camara-franca-sobre-delitos-de-hurtos-y-robos\/\">Leer m\u00e1s<\/a><\/p>\n","protected":false},"author":2,"featured_media":4326,"comment_status":"closed","ping_status":"closed","sticky":false,"template":"","format":"standard","meta":{"footnotes":""},"categories":[1],"tags":[],"class_list":["post-4325","post","type-post","status-publish","format-standard","has-post-thumbnail","hentry","category-cronica"],"_links":{"self":[{"href":"https:\/\/www.radiopresidenteibanez.cl\/web\/wp-json\/wp\/v2\/posts\/4325","targetHints":{"allow":["GET"]}}],"collection":[{"href":"https:\/\/www.radiopresidenteibanez.cl\/web\/wp-json\/wp\/v2\/posts"}],"about":[{"href":"https:\/\/www.radiopresidenteibanez.cl\/web\/wp-json\/wp\/v2\/types\/post"}],"author":[{"embeddable":true,"href":"https:\/\/www.radiopresidenteibanez.cl\/web\/wp-json\/wp\/v2\/users\/2"}],"replies":[{"embeddable":true,"href":"https:\/\/www.radiopresidenteibanez.cl\/web\/wp-json\/wp\/v2\/comments?post=4325"}],"version-history":[{"count":0,"href":"https:\/\/www.radiopresidenteibanez.cl\/web\/wp-json\/wp\/v2\/posts\/4325\/revisions"}],"wp:featuredmedia":[{"embeddable":true,"href":"https:\/\/www.radiopresidenteibanez.cl\/web\/wp-json\/wp\/v2\/media\/4326"}],"wp:attachment":[{"href":"https:\/\/www.radiopresidenteibanez.cl\/web\/wp-json\/wp\/v2\/media?parent=4325"}],"wp:term":[{"taxonomy":"category","embeddable":true,"href":"https:\/\/www.radiopresidenteibanez.cl\/web\/wp-json\/wp\/v2\/categories?post=4325"},{"taxonomy":"post_tag","embeddable":true,"href":"https:\/\/www.radiopresidenteibanez.cl\/web\/wp-json\/wp\/v2\/tags?post=4325"}],"curies":[{"name":"wp","href":"https:\/\/api.w.org\/{rel}","templated":true}]}}