{"id":43216,"date":"2023-10-08T13:25:00","date_gmt":"2023-10-08T16:25:00","guid":{"rendered":"https:\/\/www.radiopresidenteibanez.cl\/web\/?p=43216"},"modified":"2023-10-09T13:29:45","modified_gmt":"2023-10-09T16:29:45","slug":"hasta-siempre-alejandro-kuvasic-sotomayor","status":"publish","type":"post","link":"https:\/\/www.radiopresidenteibanez.cl\/web\/hasta-siempre-alejandro-kuvasic-sotomayor\/","title":{"rendered":"HASTA SIEMPRE.. ALEJANDRO KUVASIC SOTOMAYOR!"},"content":{"rendered":"\n<p><em>Un adi\u00f3s puede parecer eterno..<\/em><\/p>\n\n\n\n<p>Hoy 6 de octubre poco a poco el mundo del arte, en especial de la m\u00fasica, muy especialmente el mundo del folclore se fue enterando de la repentina partida de Alejandro Kuvasic Sotomayor, el porvenire\u00f1o, el eterno enamorado de su tierra, de la historia fueguina.<\/p>\n\n\n\n<p>Qu\u00e9 noticia m\u00e1s inesperada, qu\u00e9 noticia m\u00e1s triste!<\/p>\n\n\n\n<p>Alejandro fue de esas personas perseverantes,&nbsp;&nbsp;que hac\u00eda caso omiso a un No!<\/p>\n\n\n\n<p>Era de esos seres que va ense\u00f1ando que a pesar de todo.. se puede. Tantos eventos que organizaste, en qu\u00e9 cantidad de eventos estuviste presente.&nbsp;&nbsp;Con la formaci\u00f3n del grupo SINOM&nbsp;&nbsp;pudiste capitalizar creaciones so\u00f1adas. Hablar de la bravura del pueblo Aoinkenk, el pueblo originario de la Tierra del Fuego.<\/p>\n\n\n\n<p>Ojal\u00e1 las nuevas generaciones hayan conocido de ti: Un paria que caminaba las calles de Porvenir so\u00f1ando m\u00fasica, arte y cultura.<\/p>\n\n\n\n<p>Ojal\u00e1 no te hayas ido sin escuchar un \u201cGracias!\u201d por todo lo que entregaste.<\/p>\n\n\n\n<p>Lamentamos enormemente tu partida querido Alejandro.<\/p>\n\n\n\n<p>Nuestras condolencias a tu familia, a tus amigos, a la comunidad de Porvenir.&nbsp;&nbsp;Hoy a partido un \u201cgrande entre los grandes del arte\u201d.<\/p>\n\n\n\n<p><em>La despedida es como el final, pero en nuestros corazones estar\u00e1 el recuerdo y all\u00ed siempre estar\u00e1s!<\/em><\/p>\n","protected":false},"excerpt":{"rendered":"<p>Un adi\u00f3s puede parecer eterno.. Hoy 6 de octubre poco a poco el mundo del arte, en especial de la m\u00fasica, muy especialmente el mundo del folclore se fue enterando&#8230; <a class=\"read-more\" href=\"https:\/\/www.radiopresidenteibanez.cl\/web\/hasta-siempre-alejandro-kuvasic-sotomayor\/\">Leer m\u00e1s<\/a><\/p>\n","protected":false},"author":2,"featured_media":43217,"comment_status":"closed","ping_status":"closed","sticky":false,"template":"","format":"standard","meta":{"footnotes":""},"categories":[1],"tags":[],"class_list":["post-43216","post","type-post","status-publish","format-standard","has-post-thumbnail","hentry","category-cronica"],"_links":{"self":[{"href":"https:\/\/www.radiopresidenteibanez.cl\/web\/wp-json\/wp\/v2\/posts\/43216","targetHints":{"allow":["GET"]}}],"collection":[{"href":"https:\/\/www.radiopresidenteibanez.cl\/web\/wp-json\/wp\/v2\/posts"}],"about":[{"href":"https:\/\/www.radiopresidenteibanez.cl\/web\/wp-json\/wp\/v2\/types\/post"}],"author":[{"embeddable":true,"href":"https:\/\/www.radiopresidenteibanez.cl\/web\/wp-json\/wp\/v2\/users\/2"}],"replies":[{"embeddable":true,"href":"https:\/\/www.radiopresidenteibanez.cl\/web\/wp-json\/wp\/v2\/comments?post=43216"}],"version-history":[{"count":0,"href":"https:\/\/www.radiopresidenteibanez.cl\/web\/wp-json\/wp\/v2\/posts\/43216\/revisions"}],"wp:featuredmedia":[{"embeddable":true,"href":"https:\/\/www.radiopresidenteibanez.cl\/web\/wp-json\/wp\/v2\/media\/43217"}],"wp:attachment":[{"href":"https:\/\/www.radiopresidenteibanez.cl\/web\/wp-json\/wp\/v2\/media?parent=43216"}],"wp:term":[{"taxonomy":"category","embeddable":true,"href":"https:\/\/www.radiopresidenteibanez.cl\/web\/wp-json\/wp\/v2\/categories?post=43216"},{"taxonomy":"post_tag","embeddable":true,"href":"https:\/\/www.radiopresidenteibanez.cl\/web\/wp-json\/wp\/v2\/tags?post=43216"}],"curies":[{"name":"wp","href":"https:\/\/api.w.org\/{rel}","templated":true}]}}