{"id":4321,"date":"2019-05-16T15:54:30","date_gmt":"2019-05-16T15:54:30","guid":{"rendered":"http:\/\/www.radiopresidenteibanez.cl\/web\/?p=4321"},"modified":"2019-05-16T15:54:30","modified_gmt":"2019-05-16T15:54:30","slug":"codema-critica-a-senadora-goic-y-ambientalistas-por-trabas-a-actividades-productivas-y-anuncia-movilizaciones","status":"publish","type":"post","link":"https:\/\/www.radiopresidenteibanez.cl\/web\/codema-critica-a-senadora-goic-y-ambientalistas-por-trabas-a-actividades-productivas-y-anuncia-movilizaciones\/","title":{"rendered":"CODEMA CRITICA A SENADORA GOIC Y AMBIENTALISTAS POR TRABAS A ACTIVIDADES PRODUCTIVAS Y ANUNCIA MOVILIZACIONES"},"content":{"rendered":"\n<p>M\u00e1s de mil personas podr\u00edan\nquedar cesantes en el caso de que el Tribunal Ambiental de Valdivia ratifique\nla prohibici\u00f3n de realizar tronaduras bajo la cota cien, medida adoptada luego\nque la organizaci\u00f3n Alerta Isla Riesco junto a sus asesores legales presentaran\nreglamos a la justicia por el desempe\u00f1o de la empresa Mina Invierno que explota\ncarb\u00f3n en isla Riesco.<\/p>\n\n\n\n<p>A ello se suma el permanente\nrespaldo que han recibido los detractores de este emprendimiento minero por\nparte de la senadora DC Carolina Goic quien ha usado su influencia tanto en el\ngobierno de Michelle Bachelet como en el de Sebasti\u00e1n Pi\u00f1era para poner trabas\nal trabajo de Mina Invierno, en especial la incorporaci\u00f3n de tronaduras de baja\ncarga para la remoci\u00f3n de material est\u00e9ril.<\/p>\n\n\n\n<p>Frente a la decisi\u00f3n del Tribunal\nde Valdivia la empresa concret\u00f3 el despido de 40 trabajadores e inform\u00f3 que a\nfines de mayo se concretar\u00edan una cantidad mayor a\u00fan de desvinculaciones. En\nMagallanes nadie entiende como es que se puede pretender cerrar una empresa que\nposee altos est\u00e1ndares productivos y paga sueldos muy por sobre el nivel\nregional.<\/p>\n\n\n\n<p>La senadora Goic tambi\u00e9n ha\nmanifestado su p\u00fablico rechazo a la salmonicultura fuente de empleo esencial\nhoy en Porvenir y con gran potencial en Puerto Williams en donde la baja en la\npesca artesanal ha generado gran preocupaci\u00f3n y, al mismo tiempo, expectativas por\nla instalaci\u00f3n de las empresas salmonicultoras.<\/p>\n\n\n\n<p>El alcalde DC de Puerto Williams,\nalineado con la senadora Goic y un grupo de yaganes demonizan a la\nsalmonicultura mientras la mayor\u00eda de los vecinos de la ciudad m\u00e1s austral del\nmundo lo \u00fanico que quieren es estabilidad y oportunidades de trabajo.<\/p>\n\n\n\n<p>Ante este escenario de trabas\ncontra importantes \u00e1reas productivas es que se autoconvoc\u00f3 el Comit\u00e9 por la\nDefensa de Magallanes, Codema, que aglutina a ciudadanos, peque\u00f1os\ncomerciantes, prestadores de servicios, peque\u00f1os y medianos industriales,\nprofesionales y trabajadores. Esta agrupaci\u00f3n fue la responsable de las dos\ncaravanas vehiculares que se organizaron en 2009 y 2010, antesala de la gran\nCrisis del Gas de enero de 2011.<\/p>\n\n\n\n<p>Su presidente, Ram\u00f3n Vargas, acompa\u00f1ado\ndel consejero regional por la Provincia Ant\u00e1rtica, Marcelo Garrido, la concejal\npor Laguna Blanca, Mar\u00eda Isabel V\u00e1squez, el concejal de Timaukel, Luis Barr\u00eda y\nel Presidente del Sindicato de Empresas Colaboradoras de Mina Invierno, Mario\nS\u00e1nchez,&nbsp; critic\u00f3 en duros t\u00e9rminos a la\nex candidata presidencial de al DC. \u201cVemos con preocupaci\u00f3n como algunas\nautoridades, en especial la senadora Carolina Goic, ponen trabas al desarrollo\nde diversas actividades productivas en nuestra regi\u00f3n de Magallanes tales como\nla explotaci\u00f3n del carb\u00f3n y la salmonicultura.\u201d<\/p>\n\n\n\n<p>El dirigente agreg\u00f3 a la p\u00e9rdida\nde empleos, se le debe sumar, si es que estas trabas siguen su curso, un\ndeterioro y freno al desarrollo regional dado que no existen actividades\necon\u00f3micas en Magallanes que puedan suplir la inversi\u00f3n y generaci\u00f3n de empleo\nque imprimen en la zona actividades como la miner\u00eda del carb\u00f3n y la\nsalmonicultura.<\/p>\n\n\n\n<p>\u201cVemos tambi\u00e9n con preocupaci\u00f3n\ncomo algunas autoridades del actual gobierno le hacen el juego a la senadora Goic,\nhablando de reconversi\u00f3n laboral en la pujante industria del carb\u00f3n: eso no\ntiene ning\u00fan sentido, las autoridades deben cuidar las actuales fuentes de\ntrabajo, deben dejar de ponerles trabas.\u201d<\/p>\n\n\n\n<p>Tambi\u00e9n tuvo duras palabras en\ncontra de las agrupaciones medioambientales, en especial Alerta Isla Riesco de\nlos hermanos Stipicic. \u201cGrupos que dicen defender el medioambiente, algunos de\nlos cuales tienen intereses en la ganader\u00eda o reciben financiamiento de\norganizaciones internacionales. Estos grupos no est\u00e1n preocupados del medio\nambiente, lo que buscan es cerrar actividades productivas usando artima\u00f1as\nlegales.\u201d<\/p>\n\n\n\n<p>Tambi\u00e9n hizo un llamado a los\nTribunales de Justicia \u201ca que no se deje usar por estos seudo\nmedioambientalistas, empresarios de la ganader\u00eda.\u201d<\/p>\n\n\n\n<p>Finalmente, Vargas dijo que \u201csi es necesario, vamos a salir a las calles, tal como lo hicimos en 2009 cuando organizamos dos masivas caravanas vehiculares que fueron la antesala de las movilizaciones de protestas contra el alza del gas. Hoy vivimos una situaci\u00f3n muy parecida, con autoridades desconectadas con la realidad de los ciudadanos, preocupadas m\u00e1s de las redes sociales. S\u00f3lo el cierre de Mina Invierno puede implicar la p\u00e9rdida de m\u00e1s de 1.000 puestos de trabajo. \u00bfLes parece que eso puede resistir alg\u00fan an\u00e1lisis?\u201d.<\/p>\n\n\n\n<figure class=\"wp-block-image\"><img loading=\"lazy\" decoding=\"async\" width=\"900\" height=\"505\" src=\"https:\/\/www.radiopresidenteibanez.cl\/web\/wp-content\/uploads\/2019\/05\/DSC01579.jpg\" alt=\"\" class=\"wp-image-4322\" srcset=\"https:\/\/www.radiopresidenteibanez.cl\/web\/wp-content\/uploads\/2019\/05\/DSC01579.jpg 900w, https:\/\/www.radiopresidenteibanez.cl\/web\/wp-content\/uploads\/2019\/05\/DSC01579-300x168.jpg 300w, https:\/\/www.radiopresidenteibanez.cl\/web\/wp-content\/uploads\/2019\/05\/DSC01579-768x431.jpg 768w\" sizes=\"auto, (max-width: 900px) 100vw, 900px\" \/><\/figure>\n","protected":false},"excerpt":{"rendered":"<p>M\u00e1s de mil personas podr\u00edan quedar cesantes en el caso de que el Tribunal Ambiental de Valdivia ratifique la prohibici\u00f3n de realizar tronaduras bajo la cota cien, medida adoptada luego&#8230; <a class=\"read-more\" href=\"https:\/\/www.radiopresidenteibanez.cl\/web\/codema-critica-a-senadora-goic-y-ambientalistas-por-trabas-a-actividades-productivas-y-anuncia-movilizaciones\/\">Leer m\u00e1s<\/a><\/p>\n","protected":false},"author":2,"featured_media":4322,"comment_status":"closed","ping_status":"closed","sticky":false,"template":"","format":"standard","meta":{"footnotes":""},"categories":[1],"tags":[],"class_list":["post-4321","post","type-post","status-publish","format-standard","has-post-thumbnail","hentry","category-cronica"],"_links":{"self":[{"href":"https:\/\/www.radiopresidenteibanez.cl\/web\/wp-json\/wp\/v2\/posts\/4321","targetHints":{"allow":["GET"]}}],"collection":[{"href":"https:\/\/www.radiopresidenteibanez.cl\/web\/wp-json\/wp\/v2\/posts"}],"about":[{"href":"https:\/\/www.radiopresidenteibanez.cl\/web\/wp-json\/wp\/v2\/types\/post"}],"author":[{"embeddable":true,"href":"https:\/\/www.radiopresidenteibanez.cl\/web\/wp-json\/wp\/v2\/users\/2"}],"replies":[{"embeddable":true,"href":"https:\/\/www.radiopresidenteibanez.cl\/web\/wp-json\/wp\/v2\/comments?post=4321"}],"version-history":[{"count":0,"href":"https:\/\/www.radiopresidenteibanez.cl\/web\/wp-json\/wp\/v2\/posts\/4321\/revisions"}],"wp:featuredmedia":[{"embeddable":true,"href":"https:\/\/www.radiopresidenteibanez.cl\/web\/wp-json\/wp\/v2\/media\/4322"}],"wp:attachment":[{"href":"https:\/\/www.radiopresidenteibanez.cl\/web\/wp-json\/wp\/v2\/media?parent=4321"}],"wp:term":[{"taxonomy":"category","embeddable":true,"href":"https:\/\/www.radiopresidenteibanez.cl\/web\/wp-json\/wp\/v2\/categories?post=4321"},{"taxonomy":"post_tag","embeddable":true,"href":"https:\/\/www.radiopresidenteibanez.cl\/web\/wp-json\/wp\/v2\/tags?post=4321"}],"curies":[{"name":"wp","href":"https:\/\/api.w.org\/{rel}","templated":true}]}}