{"id":43207,"date":"2023-10-06T17:32:00","date_gmt":"2023-10-06T20:32:00","guid":{"rendered":"https:\/\/www.radiopresidenteibanez.cl\/web\/?p=43207"},"modified":"2023-10-06T11:35:58","modified_gmt":"2023-10-06T14:35:58","slug":"obras-minvu-generan-1-135-puestos-de-trabajo-directo-en-la-region","status":"publish","type":"post","link":"https:\/\/www.radiopresidenteibanez.cl\/web\/obras-minvu-generan-1-135-puestos-de-trabajo-directo-en-la-region\/","title":{"rendered":"OBRAS MINVU GENERAN 1.135 PUESTOS DE TRABAJO DIRECTO EN LA REGION"},"content":{"rendered":"\n<p>En materia de generaci\u00f3n de empleos,&nbsp;al cierre de agosto el Ministerio de Vivienda y Urbanismo gener\u00f3 1.135 empleos directos a trav\u00e9s de sus proyectos en la regi\u00f3n. A ellos, se suman los indirectos atribuidos a subcontrataciones de las empresas constructoras y entidades patrocinantes, pudiendo alcanzar hasta dos mil empleos.<\/p>\n\n\n\n<p>\u201cLas obras habitacionales y urbanas que el Minvu tiene en ejecuci\u00f3n significan un motor de desarrollo para nuestra regi\u00f3n, fortaleciendo el mercado laboral y reactivando la econom\u00eda local\u201d, destac\u00f3 el Director (s) del Serviu,&nbsp;<strong>Omar Gonz\u00e1lez Asenjo<\/strong>.<\/p>\n\n\n\n<p>Se trata de 21 proyectos habitacionales y 24 obras urbanas distribuidas en varias comunas de la regi\u00f3n, a trav\u00e9s de diversas iniciativas de inversi\u00f3n, tanto sectoriales del Minvu como aquellas financiadas en colaboraci\u00f3n con el Gobierno Regional.<\/p>\n\n\n\n<p>\u201cReactivar la construcci\u00f3n es clave para generar un impulso a la mano de obra y a la recuperaci\u00f3n de la econom\u00eda.&nbsp;El Presidente Gabriel Boric nos instruy\u00f3 activar proyectos detenidos y hemos ido actualizando el costo de materiales a los montos m\u00e1s reales y se ha modernizado la normativa, como la Ley Miscel\u00e1nea que permite&nbsp;impulsar las iniciativas del Plan de Emergencia Habitacional y la econom\u00eda local\u201d, explic\u00f3 el Seremi de Vivienda y Urbanismo,&nbsp;<strong>Marco Uribe Saldivia<\/strong>.<\/p>\n\n\n\n<p>A la fecha, el Minvu tiene en construcci\u00f3n&nbsp;2.662 viviendas en la regi\u00f3n y otras 300 partir\u00e1n obras prontamente, entre ellas,&nbsp;<a>el proyecto del comit\u00e9&nbsp;<em>Soberan\u00eda en el Fin del Mundo<\/em>, que re\u00fane a 23 familias&nbsp;<\/a>de la ciudad de Puerto Williams, terminando con m\u00e1s de 10 a\u00f1os sin que el Estado construya soluciones habitacionales en la Provincia Ant\u00e1rtica.<\/p>\n\n\n\n<p>A los proyectos habitacionales en ejecuci\u00f3n se suman las obras urbanas, como la gran red de ciclorrutas en ejecuci\u00f3n actualmente en Punta Arenas, y la creaci\u00f3n de espacios p\u00fablicos que permitan el reencuentro de la ciudadan\u00eda.<\/p>\n\n\n\n<p>\u201cRecuperar los espacios p\u00fablicos es recuperar calidad de vida en materia de seguridad y en materia de infraestructura. Estos lugares son espacios de encuentro para las personas y por eso se requiere cuidarlos, mantenerlos y vivirlos\u201d, enfatiz\u00f3&nbsp;el Director (s) del Serviu.<\/p>\n\n\n\n<p>El rol articulador del Minvu ha permitido generar trabajos interministeriales que beneficien positivamente en las ciudades y sus habitantes. \u201cEstamos trabajando con Cultura, Medio Ambiente y Deportes, a trav\u00e9s del programa Quiero Mi Barrio; con Desarrollo Social y Familia, con las viviendas tuteladas; con Trabajo y Previsi\u00f3n Social, en planes de capacitaci\u00f3n y generaci\u00f3n de empleos; con la Seremi de la Mujer y Equidad de G\u00e9nero, con un convenio que aborda la violencia intrafamiliar; con Bienes Nacionales, para el traspaso de terrenos y la b\u00fasqueda activa de estos; con Justicia y Derechos Humanos para concretar un proyecto de condominio social para agrupaciones de DD.HH., y con Obras P\u00fablicas, Transporte y Agricultura, en las \u00e1reas de desarrollo de proyectos urbanos habitacionales\u201d, finaliz\u00f3&nbsp;el Seremi Marco Uribe.<\/p>\n","protected":false},"excerpt":{"rendered":"<p>En materia de generaci\u00f3n de empleos,&nbsp;al cierre de agosto el Ministerio de Vivienda y Urbanismo gener\u00f3 1.135 empleos directos a trav\u00e9s de sus proyectos en la regi\u00f3n. A ellos, se&#8230; <a class=\"read-more\" href=\"https:\/\/www.radiopresidenteibanez.cl\/web\/obras-minvu-generan-1-135-puestos-de-trabajo-directo-en-la-region\/\">Leer m\u00e1s<\/a><\/p>\n","protected":false},"author":2,"featured_media":43208,"comment_status":"closed","ping_status":"closed","sticky":false,"template":"","format":"standard","meta":{"footnotes":""},"categories":[1],"tags":[],"class_list":["post-43207","post","type-post","status-publish","format-standard","has-post-thumbnail","hentry","category-cronica"],"_links":{"self":[{"href":"https:\/\/www.radiopresidenteibanez.cl\/web\/wp-json\/wp\/v2\/posts\/43207","targetHints":{"allow":["GET"]}}],"collection":[{"href":"https:\/\/www.radiopresidenteibanez.cl\/web\/wp-json\/wp\/v2\/posts"}],"about":[{"href":"https:\/\/www.radiopresidenteibanez.cl\/web\/wp-json\/wp\/v2\/types\/post"}],"author":[{"embeddable":true,"href":"https:\/\/www.radiopresidenteibanez.cl\/web\/wp-json\/wp\/v2\/users\/2"}],"replies":[{"embeddable":true,"href":"https:\/\/www.radiopresidenteibanez.cl\/web\/wp-json\/wp\/v2\/comments?post=43207"}],"version-history":[{"count":0,"href":"https:\/\/www.radiopresidenteibanez.cl\/web\/wp-json\/wp\/v2\/posts\/43207\/revisions"}],"wp:featuredmedia":[{"embeddable":true,"href":"https:\/\/www.radiopresidenteibanez.cl\/web\/wp-json\/wp\/v2\/media\/43208"}],"wp:attachment":[{"href":"https:\/\/www.radiopresidenteibanez.cl\/web\/wp-json\/wp\/v2\/media?parent=43207"}],"wp:term":[{"taxonomy":"category","embeddable":true,"href":"https:\/\/www.radiopresidenteibanez.cl\/web\/wp-json\/wp\/v2\/categories?post=43207"},{"taxonomy":"post_tag","embeddable":true,"href":"https:\/\/www.radiopresidenteibanez.cl\/web\/wp-json\/wp\/v2\/tags?post=43207"}],"curies":[{"name":"wp","href":"https:\/\/api.w.org\/{rel}","templated":true}]}}