{"id":43204,"date":"2023-10-06T16:25:00","date_gmt":"2023-10-06T19:25:00","guid":{"rendered":"https:\/\/www.radiopresidenteibanez.cl\/web\/?p=43204"},"modified":"2023-10-06T11:29:53","modified_gmt":"2023-10-06T14:29:53","slug":"sence-certifico-a-41-nuevas-maestras-y-maestros-de-la-construccion","status":"publish","type":"post","link":"https:\/\/www.radiopresidenteibanez.cl\/web\/sence-certifico-a-41-nuevas-maestras-y-maestros-de-la-construccion\/","title":{"rendered":"SENCE CERTIFICO A 41 NUEVAS MAESTRAS Y MAESTROS DE LA CONSTRUCCION"},"content":{"rendered":"\n<p>En el sal\u00f3n de la Sociedad de Instrucci\u00f3n Popular de Punta Arenas, se llev\u00f3 a cabo una emotiva ceremonia de certificaci\u00f3n de 41 magall\u00e1nicos y magall\u00e1nicas que se convirtieron en maestras y maestros constructores, tras concluir con \u00e9xito su capacitaci\u00f3n financiada por el Servicio Nacional de Capacitaci\u00f3n y Empleo (Sence) y ejecutada por la Otec Visi\u00f3n Austral.<br>Se trata de 25 mujeres y 16 hombres, quienes a partir de ahora tendr\u00e1n la oportunidad de<br>desempe\u00f1arse en el sector de la Construcci\u00f3n a fin de responder a la pol\u00edtica de Gobierno de<br>construir 260 mil viviendas sociales de calidad. Con ello, se busca responder a la necesidad local de<br>contratar personas con las competencias necesarias para desempe\u00f1arse en este rubro y, a la vez,<br>posibilitar el acceso a empleos de calidad.<br>Al respecto, la SEREMI del Trabajo, Doris Sandoval Miranda, destac\u00f3 las buenas noticias para la<br>regi\u00f3n en materia de presupuesto y construcci\u00f3n de viviendas, lo que permitir\u00e1 continuar con este<br>programa de capacitaci\u00f3n.<br>\u201cEstamos certificando dos cursos dirigidos a la formaci\u00f3n de maestros y maestras de la<br>construcci\u00f3n, dado nuestro compromiso como gobierno del Presidente Gabriel Boric. Est\u00e1n<br>egresando 41 personas de estos dos cursos, 25 de ellos son mujeres y eso nos llena de una enorme<br>alegr\u00eda. Tenemos muy buenas noticias para Magallanes, porque el presupuesto que estamos<br>presentando para el 2024, y que se expande en un 3,5%, tiene un fuerte componente destinado a<br>la construcci\u00f3n aqu\u00ed en la zona. Vamos a duplicar el compromiso inicial en materia de construcci\u00f3n<br>de viviendas para Magallanes\u201d, expres\u00f3 la autoridad.<br>Ambos cursos fueron financiados por Sence con un monto de inversi\u00f3n de m\u00e1s de 46 millones de<br>pesos y forman parte de una alianza intersectorial p\u00fablico-privada que destac\u00f3 el SEREMI de<br>Vivienda y Urbanismo, Marco Uribe Saldivia.<br>\u201cFelicitamos el trabajo articulado que se est\u00e1 llevando a cabo entre el ministerio de Vivienda y el<br>ministerio del Trabajo para reforzar nuestro Plan de Emergencia Habitacional. Ac\u00e1 en la regi\u00f3n<br>partimos con una meta de 1.962 viviendas y ahora estamos apuntando a doblar esta cifra y qu\u00e9<br>mejor que seguir fortaleciendo la alianza p\u00fablico-privada con la C\u00e1mara Chilena de la Construcci\u00f3n<br>para implementar estos cursos a trav\u00e9s de Sence y obtener mayor mano de obra. Con esto<br>tambi\u00e9n estamos dotando de nuevas herramientas para vecinas y vecinos que trabajan en estos<br>oficios y estamos muy contentos de poder extender hoy este programa\u201d, destac\u00f3.<\/p>\n\n\n\n<p>Durante la ceremonia, fueron dos mujeres las representantes de cada curso, quienes no s\u00f3lo se<br>mostraron emocionadas por el t\u00e9rmino de esta etapa formativa, si no tambi\u00e9n muy agradecidas<br>por esta oportunidad que les permiti\u00f3 atreverse a aprender un oficio nuevo para ellas.<br>Mar\u00eda Elena Cariman fue una de las alumnas destacadas quien se dirigi\u00f3 a sus compa\u00f1eros,<br>compa\u00f1eras y autoridades presentes. \u201cMi experiencia fue muy grata. Aprend\u00ed much\u00edsimas cosas<br>en la formaci\u00f3n para el trabajo, pero tambi\u00e9n para el diario vivir. Una de las cosas m\u00e1s importante<br>para m\u00ed fue perder el miedo a trabajar en un rubro que tradicionalmente es de hombres y darme<br>cuenta de que hay muchas cosas en ese sector que las mujeres podemos desarrollar. Yo insto a<br>que m\u00e1s mujeres se atrevan y que no dejen pasar el tiempo y no esperen que pasen los a\u00f1os como<br>yo lo hice, ese es mi consejo\u201d, recalc\u00f3 tras recibir su distinci\u00f3n.<br>A nivel regional, el programa contempla la construcci\u00f3n de unas 3 mil viviendas entre los a\u00f1os<br>2023 y 2024, seg\u00fan lo informado por el Seremi de Vivienda y representantes de la C\u00e1mara Chilena<br>de la Construcci\u00f3n.<\/p>\n","protected":false},"excerpt":{"rendered":"<p>En el sal\u00f3n de la Sociedad de Instrucci\u00f3n Popular de Punta Arenas, se llev\u00f3 a cabo una emotiva ceremonia de certificaci\u00f3n de 41 magall\u00e1nicos y magall\u00e1nicas que se convirtieron en&#8230; <a class=\"read-more\" href=\"https:\/\/www.radiopresidenteibanez.cl\/web\/sence-certifico-a-41-nuevas-maestras-y-maestros-de-la-construccion\/\">Leer m\u00e1s<\/a><\/p>\n","protected":false},"author":2,"featured_media":43205,"comment_status":"closed","ping_status":"closed","sticky":false,"template":"","format":"standard","meta":{"footnotes":""},"categories":[1],"tags":[],"class_list":["post-43204","post","type-post","status-publish","format-standard","has-post-thumbnail","hentry","category-cronica"],"_links":{"self":[{"href":"https:\/\/www.radiopresidenteibanez.cl\/web\/wp-json\/wp\/v2\/posts\/43204","targetHints":{"allow":["GET"]}}],"collection":[{"href":"https:\/\/www.radiopresidenteibanez.cl\/web\/wp-json\/wp\/v2\/posts"}],"about":[{"href":"https:\/\/www.radiopresidenteibanez.cl\/web\/wp-json\/wp\/v2\/types\/post"}],"author":[{"embeddable":true,"href":"https:\/\/www.radiopresidenteibanez.cl\/web\/wp-json\/wp\/v2\/users\/2"}],"replies":[{"embeddable":true,"href":"https:\/\/www.radiopresidenteibanez.cl\/web\/wp-json\/wp\/v2\/comments?post=43204"}],"version-history":[{"count":0,"href":"https:\/\/www.radiopresidenteibanez.cl\/web\/wp-json\/wp\/v2\/posts\/43204\/revisions"}],"wp:featuredmedia":[{"embeddable":true,"href":"https:\/\/www.radiopresidenteibanez.cl\/web\/wp-json\/wp\/v2\/media\/43205"}],"wp:attachment":[{"href":"https:\/\/www.radiopresidenteibanez.cl\/web\/wp-json\/wp\/v2\/media?parent=43204"}],"wp:term":[{"taxonomy":"category","embeddable":true,"href":"https:\/\/www.radiopresidenteibanez.cl\/web\/wp-json\/wp\/v2\/categories?post=43204"},{"taxonomy":"post_tag","embeddable":true,"href":"https:\/\/www.radiopresidenteibanez.cl\/web\/wp-json\/wp\/v2\/tags?post=43204"}],"curies":[{"name":"wp","href":"https:\/\/api.w.org\/{rel}","templated":true}]}}