{"id":43201,"date":"2023-10-06T14:39:00","date_gmt":"2023-10-06T17:39:00","guid":{"rendered":"https:\/\/www.radiopresidenteibanez.cl\/web\/?p=43201"},"modified":"2023-10-06T11:25:48","modified_gmt":"2023-10-06T14:25:48","slug":"seremi-de-energia-entrega-material-educativo-a-jardines-infantiles-de-junji-integra-y-cormupa","status":"publish","type":"post","link":"https:\/\/www.radiopresidenteibanez.cl\/web\/seremi-de-energia-entrega-material-educativo-a-jardines-infantiles-de-junji-integra-y-cormupa\/","title":{"rendered":"SEREMI DE ENERGIA ENTREGA MATERIAL EDUCATIVO A JARDINES INFANTILES DE JUNJI, INTEGRA Y CORMUPA"},"content":{"rendered":"\n<p>De la mano de la Seremi de Energ\u00eda de Magallanes, Mar\u00eda Luisa Ojeda, y de su par de Educaci\u00f3n, Valent\u00edn Aguilera, jardines infantiles de la regi\u00f3n, pertenecientes a la JUNJI, Integra y la Corporaci\u00f3n Municipal de Punta Arenas (Cormupa), recibieron esta ma\u00f1ana material pedag\u00f3gico sobre energ\u00edas renovables y eficiencia energ\u00e9tica.<\/p>\n\n\n\n<p>La herramienta educativa&nbsp;est\u00e1 especialmente dise\u00f1ada para este ciclo educativo (pre escolar) y fue elaborada&nbsp;gracias al trabajo de las directoras y educadoras de los jardines infantiles de Magallanes en conjunto con la Editorial Planeta, el que cuenta, adem\u00e1s, con la validaci\u00f3n de la Superintendencia de Educaci\u00f3n Parvularia.<\/p>\n\n\n\n<p>La entrega se da en el marco del&nbsp;Programa de Eficiencia Energ\u00e9tica y Energ\u00edas Renovables que financia el Gobierno Regional de Magallanes y de la Ant\u00e1rtica Chilena y desarrolla el Ministerio de Energ\u00eda a trav\u00e9s de la Agencia de Sostenibilidad Energ\u00e9tica (AgenciaSE).<\/p>\n\n\n\n<p>La ceremonia de entrega cont\u00f3 en esta oportunidad con la presencia de los Seremi de Gobierno, Andro Mimica; de Medio Ambiente, Daniela Droguett; de Bienes Nacionales, Sergio Reyes, y del Deporte, Alejandro Olate. &nbsp;&nbsp;<\/p>\n\n\n\n<p><strong>EDUCACI\u00d3N ENERG\u00c9TICA<\/strong><\/p>\n\n\n\n<p>Durante la instancia, la Seremi Mar\u00eda Luisa Ojeda destac\u00f3 los frutos del trabajo conjunto que han dado como resultado \u201cun material educativo pionero en el pa\u00eds, de alta calidad y que pone el foco en la educaci\u00f3n energ\u00e9tica de la primera infancia, la cual es una preocupaci\u00f3n permanente del Gobierno del Presidente Gabriel Boric y por cierto de nuestro ministerio sectorial\u201d, sostuvo.<\/p>\n\n\n\n<p>La autoridad regional de Energ\u00eda agreg\u00f3 que&nbsp;\u201ctodo esto se ha conseguido bajo el compromiso de enfrentar los nuevos desaf\u00edos para la educaci\u00f3n de nuestros estudiantes; pero principalmente direccion\u00e1ndonos al desarrollo de capacidades para la innovaci\u00f3n, la transformaci\u00f3n y la promoci\u00f3n de una nueva matriz energ\u00e9tica que, junto con ello busca que adoptemos comportamientos y h\u00e1bitos responsables respecto al consumo de energ\u00eda, a fin de tomar, en este sentido, decisiones basadas en criterios de equidad, sustentabilidad y eficiencia\u201d, remarc\u00f3.<\/p>\n\n\n\n<p>Por su parte, el secretario regional de Educaci\u00f3n, Valent\u00edn Aguilera G\u00f3mez a\u00f1adi\u00f3&nbsp;que \u201ceste aporte es de gran valor para las comunidades educativas, considerando que los temas ambientales, cient\u00edficos y de sustentabilidad no s\u00f3lo son muy bien acogidos, sino que tambi\u00e9n son muy necesarios de abordar, contemplando las caracter\u00edsticas de nuestra regi\u00f3n. Valoramos tambi\u00e9n, que este material sea distribuido en los niveles de educaci\u00f3n parvularia, ya que permite sembrar conciencia ambiental en las y los m\u00e1s peque\u00f1os de nuestro sistema escolar\u201d.<\/p>\n\n\n\n<p>En tanto, la directora de la Escuela Dellamira Rebeca Aguilar, Julia Vargas, en representaci\u00f3n de los establecimientos educacionales de la regi\u00f3n beneficiados con el material pedag\u00f3gico, destac\u00f3 el recurso docente se\u00f1alando que les ayuda a reforzar el trabajo que en materia de educaci\u00f3n energ\u00e9tica y medioambiental han venido realizado desde hace varios a\u00f1os.<\/p>\n\n\n\n<p>\u201cComo escuela medioambientalista, que cuenta con certificaci\u00f3n de excelencia y que hemos venido trabajando desde hace muchos a\u00f1os temas energ\u00e9ticos y medioambientales, el aporte que nos entrega hoy d\u00eda la Seremi de Energ\u00eda a trav\u00e9s de recursos para nuestros estudiantes de primera infancia es realmente relevante, puesto que viene a fortalecer m\u00e1s la labor que realizamos en la escuela; as\u00ed es que estamos maravillados y muy contentos de poder recibir este material educativo que sin duda ser\u00e1 un complemento important\u00edsimo a la gesti\u00f3n y actividades que en esta l\u00ednea desarrollamos como establecimiento educacional\u201d, subray\u00f3 la directora Vargas.<\/p>\n\n\n\n<p>Los jardines infantiles y establecimientos educacionales que en esta ocasi\u00f3n recibieron el material pedag\u00f3gico fueron quince:<\/p>\n\n\n\n<p><strong>Jard\u00edn Infantil Los Pioneros<\/strong><strong><\/strong><\/p>\n\n\n\n<p><strong>J. Infantil Sue\u00f1os de Infancia<\/strong><strong><\/strong><\/p>\n\n\n\n<p><strong>Jard\u00edn Infantil Cumbres Patag\u00f3nicas<\/strong><strong><\/strong><\/p>\n\n\n\n<p><strong>Jard\u00edn Infantil Archipi\u00e9lago de Chilo\u00e9<\/strong><strong><\/strong><\/p>\n\n\n\n<p><strong>E<\/strong><strong>scuela Pedro Sarmiento de Gamboa<\/strong><strong><\/strong><\/p>\n\n\n\n<p><strong>J. Infantil Vientos del Sur<\/strong><strong><\/strong><\/p>\n\n\n\n<p><strong>J. Infantil Hitipan<\/strong><strong><\/strong><\/p>\n\n\n\n<p><strong>J. Infantil Piececitos de Ni\u00f1os<\/strong><strong><\/strong><\/p>\n\n\n\n<p><strong>J. Infantil Josefina Braun<\/strong><strong><\/strong><\/p>\n\n\n\n<p><strong>J. Infantil Magallanes<\/strong><strong><\/strong><\/p>\n\n\n\n<p><strong>J. Infantil Hipai Yefacel<\/strong><strong><\/strong><\/p>\n\n\n\n<p><strong>J. Infantil Akar<\/strong><strong><\/strong><\/p>\n\n\n\n<p><strong>J. Infantil Arco\u00edris<\/strong><\/p>\n\n\n\n<p><strong>J. Infantil de la Escuela Dellamira Rebeca Aguilar<\/strong><strong><\/strong><\/p>\n\n\n\n<p><strong>J. Infantil Keola Kipa<\/strong><strong><\/strong><\/p>\n","protected":false},"excerpt":{"rendered":"<p>De la mano de la Seremi de Energ\u00eda de Magallanes, Mar\u00eda Luisa Ojeda, y de su par de Educaci\u00f3n, Valent\u00edn Aguilera, jardines infantiles de la regi\u00f3n, pertenecientes a la JUNJI,&#8230; <a class=\"read-more\" href=\"https:\/\/www.radiopresidenteibanez.cl\/web\/seremi-de-energia-entrega-material-educativo-a-jardines-infantiles-de-junji-integra-y-cormupa\/\">Leer m\u00e1s<\/a><\/p>\n","protected":false},"author":2,"featured_media":43202,"comment_status":"closed","ping_status":"closed","sticky":false,"template":"","format":"standard","meta":{"footnotes":""},"categories":[1],"tags":[],"class_list":["post-43201","post","type-post","status-publish","format-standard","has-post-thumbnail","hentry","category-cronica"],"_links":{"self":[{"href":"https:\/\/www.radiopresidenteibanez.cl\/web\/wp-json\/wp\/v2\/posts\/43201","targetHints":{"allow":["GET"]}}],"collection":[{"href":"https:\/\/www.radiopresidenteibanez.cl\/web\/wp-json\/wp\/v2\/posts"}],"about":[{"href":"https:\/\/www.radiopresidenteibanez.cl\/web\/wp-json\/wp\/v2\/types\/post"}],"author":[{"embeddable":true,"href":"https:\/\/www.radiopresidenteibanez.cl\/web\/wp-json\/wp\/v2\/users\/2"}],"replies":[{"embeddable":true,"href":"https:\/\/www.radiopresidenteibanez.cl\/web\/wp-json\/wp\/v2\/comments?post=43201"}],"version-history":[{"count":0,"href":"https:\/\/www.radiopresidenteibanez.cl\/web\/wp-json\/wp\/v2\/posts\/43201\/revisions"}],"wp:featuredmedia":[{"embeddable":true,"href":"https:\/\/www.radiopresidenteibanez.cl\/web\/wp-json\/wp\/v2\/media\/43202"}],"wp:attachment":[{"href":"https:\/\/www.radiopresidenteibanez.cl\/web\/wp-json\/wp\/v2\/media?parent=43201"}],"wp:term":[{"taxonomy":"category","embeddable":true,"href":"https:\/\/www.radiopresidenteibanez.cl\/web\/wp-json\/wp\/v2\/categories?post=43201"},{"taxonomy":"post_tag","embeddable":true,"href":"https:\/\/www.radiopresidenteibanez.cl\/web\/wp-json\/wp\/v2\/tags?post=43201"}],"curies":[{"name":"wp","href":"https:\/\/api.w.org\/{rel}","templated":true}]}}